{"id":111961,"date":"2025-10-15T16:19:18","date_gmt":"2025-10-15T16:19:18","guid":{"rendered":"https:\/\/www.europesays.com\/pt\/111961\/"},"modified":"2025-10-15T16:19:18","modified_gmt":"2025-10-15T16:19:18","slug":"ha-um-pais-ideal-para-a-terceira-fabrica-da-byd-na-europa","status":"publish","type":"post","link":"https:\/\/www.europesays.com\/pt\/111961\/","title":{"rendered":"H\u00e1 um pa\u00eds &#8220;ideal&#8221; para a terceira f\u00e1brica da BYD na Europa"},"content":{"rendered":"<p>A BYD \u00e9 muito transparente em rela\u00e7\u00e3o aos seus planos para o mercado europeu, partilhando em v\u00e1rias interven\u00e7\u00f5es oficiais que ambiciona expandir o neg\u00f3cio para os v\u00e1rios pa\u00edses. Entretanto, para que os ve\u00edculos tenham uma rela\u00e7\u00e3o (quase) umbilical com o continente, h\u00e1 uma terceira f\u00e1brica a ser planeada e um pa\u00eds a ser visto como &#8220;ideal&#8221; para receb\u00ea-la.<\/p>\n<p><a target=\"_blank\" href=\"https:\/\/pplware.sapo.pt\/wp-content\/uploads\/2025\/03\/fabrica_byd01.webp\" rel=\"nofollow noopener\"><img fetchpriority=\"high\" decoding=\"async\" src=\"https:\/\/www.europesays.com\/pt\/wp-content\/uploads\/2025\/10\/fabrica_byd01-720x404.webp.webp\" alt=\"\" width=\"720\" height=\"404\" class=\"aligncenter size-medium wp-image-1048220\"  \/><\/a>\n<\/p>\n<p>A maior fabricante de carros chinesa est\u00e1 a refor\u00e7ar a sua presen\u00e7a na Europa, com novos modelos a chegarem e, mais do que isso, f\u00e1bricas a serem erguidas no pr\u00f3prio continente.<\/p>\n<p>Ap\u00f3s ter iniciado as obras de uma f\u00e1brica na <a target=\"_blank\" href=\"https:\/\/pplware.sapo.pt\/motores\/byd-aposta-na-europa-fabrica-na-hungria-vai-utilizar-aco-europeu\/\" rel=\"nofollow noopener\">Hungria<\/a>, com a produ\u00e7\u00e3o prevista para o pr\u00f3ximo ano, e anunciado uma segunda f\u00e1brica para a <a target=\"_blank\" href=\"https:\/\/pplware.sapo.pt\/motores\/byd-a-crescer-acordo-de-mil-milhoes-de-dolares-para-fabrica-de-eletricos-na-turquia\/\" rel=\"nofollow noopener\">Turquia<\/a>, que dever\u00e1 entrar em funcionamento em 2026, a empresa est\u00e1 a considerar outros terrenos para a sua terceira f\u00e1brica.<\/p>\n<p>Espanha na mira da BYD<\/p>\n<p>Um dos nomes que estar\u00e1 em cima da mesa \u00e9 Espanha, por oferecer um contexto favor\u00e1vel do ponto de vista industrial e energ\u00e9tico, com custos de produ\u00e7\u00e3o competitivos e um sistema el\u00e9trico cada vez mais orientado para as fontes renov\u00e1veis.<\/p>\n<p>Al\u00e9m disso, a colabora\u00e7\u00e3o pol\u00edtica e econ\u00f3mica entre Madrid e Pequim tornou-se cada vez mais s\u00f3lida nos \u00faltimos anos.<\/p>\n<p><a target=\"_blank\" href=\"https:\/\/pplware.sapo.pt\/wp-content\/uploads\/2025\/02\/byd_atto2_portugal-7.jpg\" onclick=\"refreshIframe()\" class=\"foobox\" rel=\"nofollow noopener\"><img loading=\"lazy\" decoding=\"async\" src=\"https:\/\/www.europesays.com\/pt\/wp-content\/uploads\/2025\/10\/byd_atto2_portugal-7-720x405.jpg\" alt=\"Apresenta\u00e7\u00e3o BYD ATTO 2 em Portugal\" width=\"720\" height=\"405\" class=\"aligncenter size-medium wp-image-1043505\"  \/><\/a><\/p>\n<p>Segundo Alberto De Aza, country manager da BYD para Espanha e Portugal, em declara\u00e7\u00f5es citadas pelo italiano Motor1, o pa\u00eds vizinho representa uma op\u00e7\u00e3o &#8220;ideal&#8221; para expandir a produ\u00e7\u00e3o na Europa, uma vez que possui infraestrutura industrial bem desenvolvida e um custo de energia mais baixo em compara\u00e7\u00e3o com outros pa\u00edses europeus.<\/p>\n<p>Ali\u00e1s, em cima da mesa esteve, tamb\u00e9m, a Alemanha, conforme <a target=\"_blank\" href=\"https:\/\/pplware.sapo.pt\/informacao\/byd-esta-a-considerar-a-alemanha-para-a-sua-terceira-fabrica-na-europa\/\" rel=\"nofollow noopener\">inform\u00e1mos<\/a>, em maio. Contudo, segundo a Reuters, ter\u00e1 sido descartada devido ao elevado custo da m\u00e3o de obra e do fornecimento de energia.<\/p>\n<p>Embora este interesse no pa\u00eds ib\u00e9rico possa significar que a BYD ai escolh\u00ea-lo para erguer a sua terceira f\u00e1brica, a verdade \u00e9 que a fabricante ainda n\u00e3o tomou uma decis\u00e3o oficial.<\/p>\n<p>A fabricante chinesa continua a explorar op\u00e7\u00f5es e qualquer potencial acordo ter\u00e1 de ser aprovado pelas autoridades reguladoras chinesas.<\/p>\n<p>A escolhe oficial poder\u00e1, entretanto, ser anunciada at\u00e9 ao final do ano.<\/p>\n<p>\u00a0<\/p>\n","protected":false},"excerpt":{"rendered":"A BYD \u00e9 muito transparente em rela\u00e7\u00e3o aos seus planos para o mercado europeu, partilhando em v\u00e1rias interven\u00e7\u00f5es&hellip;\n","protected":false},"author":2,"featured_media":111962,"comment_status":"","ping_status":"","sticky":false,"template":"","format":"standard","meta":{"footnotes":""},"categories":[83],"tags":[88,3895,89,90,445,2655,32,33],"class_list":{"0":"post-111961","1":"post","2":"type-post","3":"status-publish","4":"format-standard","5":"has-post-thumbnail","7":"category-empresas","8":"tag-business","9":"tag-byd","10":"tag-economy","11":"tag-empresas","12":"tag-europa","13":"tag-fabrica","14":"tag-portugal","15":"tag-pt"},"share_on_mastodon":{"url":"","error":""},"_links":{"self":[{"href":"https:\/\/www.europesays.com\/pt\/wp-json\/wp\/v2\/posts\/111961","targetHints":{"allow":["GET"]}}],"collection":[{"href":"https:\/\/www.europesays.com\/pt\/wp-json\/wp\/v2\/posts"}],"about":[{"href":"https:\/\/www.europesays.com\/pt\/wp-json\/wp\/v2\/types\/post"}],"author":[{"embeddable":true,"href":"https:\/\/www.europesays.com\/pt\/wp-json\/wp\/v2\/users\/2"}],"replies":[{"embeddable":true,"href":"https:\/\/www.europesays.com\/pt\/wp-json\/wp\/v2\/comments?post=111961"}],"version-history":[{"count":0,"href":"https:\/\/www.europesays.com\/pt\/wp-json\/wp\/v2\/posts\/111961\/revisions"}],"wp:featuredmedia":[{"embeddable":true,"href":"https:\/\/www.europesays.com\/pt\/wp-json\/wp\/v2\/media\/111962"}],"wp:attachment":[{"href":"https:\/\/www.europesays.com\/pt\/wp-json\/wp\/v2\/media?parent=111961"}],"wp:term":[{"taxonomy":"category","embeddable":true,"href":"https:\/\/www.europesays.com\/pt\/wp-json\/wp\/v2\/categories?post=111961"},{"taxonomy":"post_tag","embeddable":true,"href":"https:\/\/www.europesays.com\/pt\/wp-json\/wp\/v2\/tags?post=111961"}],"curies":[{"name":"wp","href":"https:\/\/api.w.org\/{rel}","templated":true}]}}