{"id":111969,"date":"2025-10-15T16:25:09","date_gmt":"2025-10-15T16:25:09","guid":{"rendered":"https:\/\/www.europesays.com\/pt\/111969\/"},"modified":"2025-10-15T16:25:09","modified_gmt":"2025-10-15T16:25:09","slug":"brasileiro-vence-premio-internacional-de-fotografia-com-imagem-comovente-de-tamandua-bandeira-orfao","status":"publish","type":"post","link":"https:\/\/www.europesays.com\/pt\/111969\/","title":{"rendered":"Brasileiro vence pr\u00eamio internacional de fotografia com imagem comovente de tamandu\u00e1-bandeira \u00f3rf\u00e3o"},"content":{"rendered":"\n<p class=\" content-text__container theme-color-primary-first-letter\" data-track-category=\"Link no Texto\" data-track-links=\"\"> O fot\u00f3grafo brasileiro Fernando Faciole foi um dos grandes destaques da edi\u00e7\u00e3o de 2025 do concurso <a class=\"\" href=\"https:\/\/oglobo.globo.com\/mundo\/noticia\/2025\/10\/15\/sul-africano-vence-premio-de-fotografo-de-vida-selvagem-do-ano-com-imagem-rara-de-hiena-em-cidade-fantasma.ghtml\" rel=\"nofollow noopener\" target=\"_blank\">Fot\u00f3grafo de Vida Selvagem do Ano<\/a>, promovido pelo Museu de Hist\u00f3ria Natural de Londres. Ele conquistou o Pr\u00eamio Impacto, que reconhece hist\u00f3rias de esperan\u00e7a e sucesso em conserva\u00e7\u00e3o ambiental, com uma imagem que retrata um filhote \u00f3rf\u00e3o de tamandu\u00e1-bandeira seguindo seu cuidador em um centro de reabilita\u00e7\u00e3o no Brasil. <\/p>\n<ul class=\"content-unordered-list\">\n<li><strong>Vida Selvagem do Ano:<\/strong> <a class=\"\" href=\"https:\/\/oglobo.globo.com\/mundo\/noticia\/2025\/10\/15\/sul-africano-vence-premio-de-fotografo-de-vida-selvagem-do-ano-com-imagem-rara-de-hiena-em-cidade-fantasma.ghtml\" rel=\"nofollow noopener\" target=\"_blank\">Fot\u00f3grafo sul-africano vence pr\u00eamio com imagem rara de hiena em cidade fantasma; veja fotos<\/a><\/li>\n<li><strong>Cidades de vidro na Lua: <\/strong><a class=\"\" href=\"https:\/\/oglobo.globo.com\/mundo\/epoca\/noticia\/2025\/10\/15\/cidades-de-vidro-na-lua-projeto-financiado-pela-nasa-quer-transformar-sonho-espacial-em-realidade-entenda.ghtml\" rel=\"nofollow noopener\" target=\"_blank\">projeto financiado pela Nasa quer transformar sonho espacial em realidade; entenda<\/a><\/li>\n<\/ul>\n<p class=\" content-text__container \" data-track-category=\"Link no Texto\" data-track-links=\"\"> A foto, segundo os organizadores, simboliza a rela\u00e7\u00e3o de confian\u00e7a e reconstru\u00e7\u00e3o entre humanos e animais v\u00edtimas de amea\u00e7as causadas por atividades humanas. A m\u00e3e do filhote havia morrido ap\u00f3s ser atropelada \u2014 uma das principais causas do decl\u00ednio da esp\u00e9cie no pa\u00eds. No centro de reabilita\u00e7\u00e3o, o cuidador ensina o jovem tamandu\u00e1 a desenvolver habilidades essenciais para a sobreviv\u00eancia, at\u00e9 que ele possa ser devolvido \u00e0 natureza. <\/p>\n<p class=\" content-text__container \" data-track-category=\"Link no Texto\" data-track-links=\"\"> O trabalho faz parte do projeto Tamandu\u00e1s e Rodovias, do Instituto de Conserva\u00e7\u00e3o de Animais Selvagens (ICAS), que atua na prote\u00e7\u00e3o da fauna brasileira e na redu\u00e7\u00e3o da mortalidade de animais nas estradas. A iniciativa inclui a instala\u00e7\u00e3o de cercas e a constru\u00e7\u00e3o de t\u00faneis subterr\u00e2neos para permitir travessias seguras. <\/p>\n<p class=\" content-text__container \" data-track-category=\"Link no Texto\" data-track-links=\"\"> Formado em ci\u00eancias biol\u00f3gicas, o brasileiro \u00e9 reconhecido internacionalmente por seu trabalho dedicado \u00e0 documenta\u00e7\u00e3o de esp\u00e9cies amea\u00e7adas e ecossistemas vulner\u00e1veis na Am\u00e9rica Latina. Suas fotografias j\u00e1 foram publicadas em ve\u00edculos como National Geographic Magazine e BBC Wildlife Magazine. <\/p>\n<p class=\" content-text__container \" data-track-category=\"Link no Texto\" data-track-links=\"\"> A cerim\u00f4nia de premia\u00e7\u00e3o, realizada anualmente em Londres, tamb\u00e9m consagrou o sul-africano Wim van den Heever como Fot\u00f3grafo de Vida Selvagem do Ano, com a imagem \u201cVisitante da Cidade Fantasma\u201d, e o italiano Andrea Dominizi, de 17 anos, como Jovem Fot\u00f3grafo do Ano. As fotos vencedoras ser\u00e3o exibidas no Museu de Hist\u00f3ria Natural antes de seguir para uma turn\u00ea internacional que celebra a for\u00e7a e a diversidade do mundo natural. <\/p>\n","protected":false},"excerpt":{"rendered":"O fot\u00f3grafo brasileiro Fernando Faciole foi um dos grandes destaques da edi\u00e7\u00e3o de 2025 do concurso Fot\u00f3grafo de&hellip;\n","protected":false},"author":2,"featured_media":13210,"comment_status":"","ping_status":"","sticky":false,"template":"","format":"standard","meta":{"footnotes":""},"categories":[144],"tags":[207,205,206,203,201,202,204,114,115,319,32,33,318],"class_list":{"0":"post-111969","1":"post","2":"type-post","3":"status-publish","4":"format-standard","5":"has-post-thumbnail","7":"category-arte-e-design","8":"tag-arte","9":"tag-arte-e-design","10":"tag-artedesign","11":"tag-arts","12":"tag-arts-and-design","13":"tag-artsanddesign","14":"tag-design","15":"tag-entertainment","16":"tag-entretenimento","17":"tag-hard-news","18":"tag-portugal","19":"tag-pt","20":"tag-radar"},"share_on_mastodon":{"url":"","error":""},"_links":{"self":[{"href":"https:\/\/www.europesays.com\/pt\/wp-json\/wp\/v2\/posts\/111969","targetHints":{"allow":["GET"]}}],"collection":[{"href":"https:\/\/www.europesays.com\/pt\/wp-json\/wp\/v2\/posts"}],"about":[{"href":"https:\/\/www.europesays.com\/pt\/wp-json\/wp\/v2\/types\/post"}],"author":[{"embeddable":true,"href":"https:\/\/www.europesays.com\/pt\/wp-json\/wp\/v2\/users\/2"}],"replies":[{"embeddable":true,"href":"https:\/\/www.europesays.com\/pt\/wp-json\/wp\/v2\/comments?post=111969"}],"version-history":[{"count":0,"href":"https:\/\/www.europesays.com\/pt\/wp-json\/wp\/v2\/posts\/111969\/revisions"}],"wp:featuredmedia":[{"embeddable":true,"href":"https:\/\/www.europesays.com\/pt\/wp-json\/wp\/v2\/media\/13210"}],"wp:attachment":[{"href":"https:\/\/www.europesays.com\/pt\/wp-json\/wp\/v2\/media?parent=111969"}],"wp:term":[{"taxonomy":"category","embeddable":true,"href":"https:\/\/www.europesays.com\/pt\/wp-json\/wp\/v2\/categories?post=111969"},{"taxonomy":"post_tag","embeddable":true,"href":"https:\/\/www.europesays.com\/pt\/wp-json\/wp\/v2\/tags?post=111969"}],"curies":[{"name":"wp","href":"https:\/\/api.w.org\/{rel}","templated":true}]}}