{"id":111972,"date":"2025-10-15T16:30:18","date_gmt":"2025-10-15T16:30:18","guid":{"rendered":"https:\/\/www.europesays.com\/pt\/111972\/"},"modified":"2025-10-15T16:30:18","modified_gmt":"2025-10-15T16:30:18","slug":"eis-os-resultados-do-dia-na-qualificacao-africana","status":"publish","type":"post","link":"https:\/\/www.europesays.com\/pt\/111972\/","title":{"rendered":"Eis os resultados do dia na qualifica\u00e7\u00e3o africana"},"content":{"rendered":"<p>&#8211; Advertisement &#8211;<\/p>\n<p><strong>Mo\u00e7ambique ganhou por 1-0 \u00e0 Som\u00e1lia na \u00faltima jornada da qualifica\u00e7\u00e3o para o Mundial 2026. \u00c1frica do Sul volta \u00e0 competi\u00e7\u00e3o 16 anos depois.<\/strong><\/p>\n<p>Mo\u00e7ambique bateu a Som\u00e1lia por 1-0 na \u00faltima jornada da qualifica\u00e7\u00e3o para o <a href=\"https:\/\/bolanarede.pt\/etiqueta\/mundial-2026\/\" target=\"_blank\" rel=\"noreferrer noopener nofollow\">Mundial 2026<\/a>. Mesmo com a vit\u00f3ria, a sele\u00e7\u00e3o mo\u00e7ambicana n\u00e3o conseguiu aceder aos lugares de apuramento, e fica de fora da competi\u00e7\u00e3o.<\/p>\n<p><a href=\"https:\/\/bolanarede.pt\/etiqueta\/geny-catamo\/\" target=\"_blank\" rel=\"noreferrer noopener nofollow\">Geny Catamo<\/a> marcou o \u00fanico golo da partida aos seis minutos. A equipa orientada por Conde Chiquinho concluiu a qualifica\u00e7\u00e3o na terceira posi\u00e7\u00e3o do Grupo G, com os mesmos pontos de Uganda, que ir\u00e1 disputar uma eliminat\u00f3ria a valer uma vaga no Mundial 2026.<\/p>\n<p>A \u00c1frica do Sul venceu a Ruanda por 3-0 e garantiu o primeiro lugar do Grupo C, confirmando assim o regresso \u00e0 competi\u00e7\u00e3o 16 anos depois. Foi em 2010 que participou pela \u00faltima vez, quando organizou a edi\u00e7\u00e3o.<\/p>\n<p><strong>Eis os resultados <strong>do dia na<\/strong><\/strong> <strong>qualifica\u00e7\u00e3o africana:<\/strong><\/p>\n<ul class=\"wp-block-list\">\n<li><strong>Arg\u00e9lia <\/strong>2\u20131 Uganda<\/li>\n<li><strong>\u00c1frica do Sul<\/strong> 3\u20130 Ruanda<\/li>\n<li>Guin\u00e9 2\u20132 Botsuana<\/li>\n<li><strong>Nig\u00e9ria <\/strong>4\u20130 Benim<\/li>\n<li>Som\u00e1lia 0\u20131 <strong>Mo\u00e7ambique<\/strong><\/li>\n<li>Seicheles 0\u20137 <strong>G\u00e2mbia<\/strong><\/li>\n<li><strong>Costa do Marfim<\/strong> 3-0 Quenia<\/li>\n<li><strong>DR Congo<\/strong> 1-0 Sudao<\/li>\n<li><strong>Gab\u00e3o<\/strong> 2-0 Burundi<\/li>\n<li><strong>Marrocos<\/strong> 1-0 Congo<\/li>\n<li><strong>Senegal<\/strong> 4-0 Maurit\u00e2nia<\/li>\n<\/ul>\n","protected":false},"excerpt":{"rendered":"&#8211; Advertisement &#8211; Mo\u00e7ambique ganhou por 1-0 \u00e0 Som\u00e1lia na \u00faltima jornada da qualifica\u00e7\u00e3o para o Mundial 2026.&hellip;\n","protected":false},"author":2,"featured_media":111973,"comment_status":"","ping_status":"","sticky":false,"template":"","format":"standard","meta":{"footnotes":""},"categories":[87],"tags":[2423,260,135,2715,12632,32,33,26466,134],"class_list":{"0":"post-111972","1":"post","2":"type-post","3":"status-publish","4":"format-standard","5":"has-post-thumbnail","7":"category-desporto","8":"tag-africa-do-sul","9":"tag-atualidade","10":"tag-desporto","11":"tag-mocambique","12":"tag-mundial-2026","13":"tag-portugal","14":"tag-pt","15":"tag-somalia","16":"tag-sports"},"share_on_mastodon":{"url":"","error":""},"_links":{"self":[{"href":"https:\/\/www.europesays.com\/pt\/wp-json\/wp\/v2\/posts\/111972","targetHints":{"allow":["GET"]}}],"collection":[{"href":"https:\/\/www.europesays.com\/pt\/wp-json\/wp\/v2\/posts"}],"about":[{"href":"https:\/\/www.europesays.com\/pt\/wp-json\/wp\/v2\/types\/post"}],"author":[{"embeddable":true,"href":"https:\/\/www.europesays.com\/pt\/wp-json\/wp\/v2\/users\/2"}],"replies":[{"embeddable":true,"href":"https:\/\/www.europesays.com\/pt\/wp-json\/wp\/v2\/comments?post=111972"}],"version-history":[{"count":0,"href":"https:\/\/www.europesays.com\/pt\/wp-json\/wp\/v2\/posts\/111972\/revisions"}],"wp:featuredmedia":[{"embeddable":true,"href":"https:\/\/www.europesays.com\/pt\/wp-json\/wp\/v2\/media\/111973"}],"wp:attachment":[{"href":"https:\/\/www.europesays.com\/pt\/wp-json\/wp\/v2\/media?parent=111972"}],"wp:term":[{"taxonomy":"category","embeddable":true,"href":"https:\/\/www.europesays.com\/pt\/wp-json\/wp\/v2\/categories?post=111972"},{"taxonomy":"post_tag","embeddable":true,"href":"https:\/\/www.europesays.com\/pt\/wp-json\/wp\/v2\/tags?post=111972"}],"curies":[{"name":"wp","href":"https:\/\/api.w.org\/{rel}","templated":true}]}}