{"id":111976,"date":"2025-10-15T16:33:08","date_gmt":"2025-10-15T16:33:08","guid":{"rendered":"https:\/\/www.europesays.com\/pt\/111976\/"},"modified":"2025-10-15T16:33:08","modified_gmt":"2025-10-15T16:33:08","slug":"novo-macbook-pro-de-14-com-o-poderoso-chip-m5","status":"publish","type":"post","link":"https:\/\/www.europesays.com\/pt\/111976\/","title":{"rendered":"novo MacBook Pro de 14&#8243; com o poderoso chip M5"},"content":{"rendered":"<p>A Apple revelou hoje o novo MacBook Pro de 14&#8243;, que vem equipado com o poderoso chip M5. Com este novo chip, o MacBook Pro torna-se ainda mais r\u00e1pido, e com um melhor desempenho no que diz respeito a ferramentas de intelig\u00eancia artificial.<\/p>\n<p><a target=\"_blank\" href=\"https:\/\/pplware.sapo.pt\/wp-content\/uploads\/2025\/10\/Apple-MacBook-Pro-14-in-hero-251015_big.jpg.large_.jpg\" onclick=\"refreshIframe()\" class=\"foobox\" rel=\"nofollow noopener\"><img fetchpriority=\"high\" decoding=\"async\" src=\"https:\/\/www.europesays.com\/pt\/wp-content\/uploads\/2025\/10\/Apple-MacBook-Pro-14-in-hero-251015_big.jpg.large_-720x405.jpg\" alt=\"\" width=\"720\" height=\"405\" class=\"aligncenter size-medium wp-image-1083610\"  \/><\/a><\/p>\n<p>MacBook Pro de 14&#8243;: chip M5, autonomia at\u00e9 24h e super desempenho<\/p>\n<p>O chip M5 inclui uma GPU de nova gera\u00e7\u00e3o com um acelerador neural em cada n\u00facleo, proporcionando at\u00e9 3,5\u00d7 mais performance em tarefas de IA e at\u00e9 1,6\u00d7 melhor desempenho gr\u00e1fico em compara\u00e7\u00e3o com a gera\u00e7\u00e3o anterior.<\/p>\n<p>O M5 integra tamb\u00e9m um CPU mais r\u00e1pido e eficiente, um motor neural aprimorado e maior largura de banda de mem\u00f3ria, acelerando tudo, desde a abertura de apps at\u00e9 a execu\u00e7\u00e3o de modelos de linguagem (LLMs) localmente no dispositivo. Al\u00e9m disso, oferece uma <strong>autonomia de bateria impressionante de at\u00e9 24 horas<\/strong>, permitindo que os utilizadores trabalhem a partir de qualquer lugar.<\/p>\n<p><a target=\"_blank\" href=\"https:\/\/pplware.sapo.pt\/wp-content\/uploads\/2025\/10\/Apple-MacBook-Pro-14-in-front-251015_big.jpg.large_.jpg\" onclick=\"refreshIframe()\" class=\"foobox\" rel=\"nofollow noopener\"><img loading=\"lazy\" decoding=\"async\" src=\"https:\/\/www.europesays.com\/pt\/wp-content\/uploads\/2025\/10\/Apple-MacBook-Pro-14-in-front-251015_big.jpg.large_-720x405.jpg\" alt=\"\" width=\"720\" height=\"405\" class=\"aligncenter size-medium wp-image-1083608\"  \/><\/a><\/p>\n<p>Com armazenamento de \u00faltima gera\u00e7\u00e3o, este novo MacBook oferece <strong>velocidades de SSD mais r\u00e1pidas do que o modelo anterior,<\/strong> ideal para importar ficheiros RAW ou exportar v\u00eddeos grandes. O port\u00e1til mant\u00e9m caracter\u00edsticas de destaque como o <strong>ecr\u00e3 Liquid Retina XDR com op\u00e7\u00e3o de nano-textura<\/strong>, <strong>c\u00e2mara Center Stage de 12 MP<\/strong>, sistema de som de seis colunas, vasta gama de portas, recursos de <strong>Apple Intelligence e o poder do macOS Tahoe.<\/strong><\/p>\n<p>Desempenho com o chip M5<\/p>\n<ul>\n<li>A nova GPU de 10 n\u00facleos com acelerador neural em cada n\u00facleo oferece at\u00e9 3,5\u00d7 mais desempenho em IA do que o M4, e at\u00e9 6\u00d7 comparado ao M1.<\/li>\n<li>Apps como a gera\u00e7\u00e3o de imagens por difus\u00e3o (ex: Draw Things) e LLMs em apps como LM Studio beneficiam de maior velocidade.<\/li>\n<li>O motor neural com 16 n\u00facleos acelera tarefas de IA no dispositivo e melhora modelos generativos no Apple Intelligence.<\/li>\n<li>O SSD oferece at\u00e9 2\u00d7 mais velocidade que no modelo anterior, e o utilizador pode escolher at\u00e9 4 TB de armazenamento.<\/li>\n<li>Em desempenho gr\u00e1fico, o novo 14\u2033 MacBook Pro atinge at\u00e9 1,6\u00d7 mais capacidade em apps profissionais e taxas de fotogramas mais altas em jogos, comparado ao M4.<\/li>\n<li>A CPU de 10 n\u00facleos oferece desempenho multin\u00facleo at\u00e9 20 % superior ao M4 em tarefas como compila\u00e7\u00e3o de c\u00f3digo.<\/li>\n<li>A largura de banda unificada ultrapassa 150 GB\/s, ideal para trabalhar com modelos de IA ou cenas 3D de grande escala.<\/li>\n<\/ul>\n<p>Esta nova m\u00e1quina est\u00e1 dispon\u00edvel em preto (\u201cspace black\u201d) e prateado, e as pr\u00e9-encomendas arrancam hoje, com as entregas e disponibilidade nas lojas a partir de quarta-feira, 22 de outubro.<\/p>\n<p>Esta nova vers\u00e3o do MacBook Pro de 14&#8243; com o poderoso chip M5 come\u00e7a nos 1 849,00 \u20ac, para a vers\u00e3o de 14&#8243; e 512 GB de armazenamento SSD. Pode ver todos os pre\u00e7os <a target=\"_blank\" href=\"https:\/\/www.apple.com\/pt\/macbook-pro\/\" rel=\"nofollow noopener\">aqui<\/a>.<\/p>\n<p>No \u00e2mbito do plano Apple 2030 para neutralidade carb\u00f3nica at\u00e9 ao fim da d\u00e9cada, este novo MacBook Pro de 14 polegadas com M5 \u00e9 fabricado com 45 % de materiais reciclados em peso, incluindo alum\u00ednio 100 % reciclado e cobalto 100 % reciclado na bateria.<\/p>\n","protected":false},"excerpt":{"rendered":"A Apple revelou hoje o novo MacBook Pro de 14&#8243;, que vem equipado com o poderoso chip M5.&hellip;\n","protected":false},"author":2,"featured_media":111977,"comment_status":"","ping_status":"","sticky":false,"template":"","format":"standard","meta":{"footnotes":""},"categories":[84],"tags":[247,109,107,108,26468,32,33,105,103,104,106,110],"class_list":{"0":"post-111976","1":"post","2":"type-post","3":"status-publish","4":"format-standard","5":"has-post-thumbnail","7":"category-ciencia-e-tecnologia","8":"tag-apple","9":"tag-ciencia","10":"tag-ciencia-e-tecnologia","11":"tag-cienciaetecnologia","12":"tag-macbook","13":"tag-portugal","14":"tag-pt","15":"tag-science","16":"tag-science-and-technology","17":"tag-scienceandtechnology","18":"tag-technology","19":"tag-tecnologia"},"share_on_mastodon":{"url":"","error":""},"_links":{"self":[{"href":"https:\/\/www.europesays.com\/pt\/wp-json\/wp\/v2\/posts\/111976","targetHints":{"allow":["GET"]}}],"collection":[{"href":"https:\/\/www.europesays.com\/pt\/wp-json\/wp\/v2\/posts"}],"about":[{"href":"https:\/\/www.europesays.com\/pt\/wp-json\/wp\/v2\/types\/post"}],"author":[{"embeddable":true,"href":"https:\/\/www.europesays.com\/pt\/wp-json\/wp\/v2\/users\/2"}],"replies":[{"embeddable":true,"href":"https:\/\/www.europesays.com\/pt\/wp-json\/wp\/v2\/comments?post=111976"}],"version-history":[{"count":0,"href":"https:\/\/www.europesays.com\/pt\/wp-json\/wp\/v2\/posts\/111976\/revisions"}],"wp:featuredmedia":[{"embeddable":true,"href":"https:\/\/www.europesays.com\/pt\/wp-json\/wp\/v2\/media\/111977"}],"wp:attachment":[{"href":"https:\/\/www.europesays.com\/pt\/wp-json\/wp\/v2\/media?parent=111976"}],"wp:term":[{"taxonomy":"category","embeddable":true,"href":"https:\/\/www.europesays.com\/pt\/wp-json\/wp\/v2\/categories?post=111976"},{"taxonomy":"post_tag","embeddable":true,"href":"https:\/\/www.europesays.com\/pt\/wp-json\/wp\/v2\/tags?post=111976"}],"curies":[{"name":"wp","href":"https:\/\/api.w.org\/{rel}","templated":true}]}}