{"id":111988,"date":"2025-10-15T16:46:07","date_gmt":"2025-10-15T16:46:07","guid":{"rendered":"https:\/\/www.europesays.com\/pt\/111988\/"},"modified":"2025-10-15T16:46:07","modified_gmt":"2025-10-15T16:46:07","slug":"pode-ir-fazer-companhia-ao-ze","status":"publish","type":"post","link":"https:\/\/www.europesays.com\/pt\/111988\/","title":{"rendered":"Pode ir fazer companhia ao Z\u00e9&#8230;"},"content":{"rendered":"<p>Al\u00e9m de Liliana e F\u00e1bio, In\u00eas e Vera est\u00e3o no centro das aten\u00e7\u00f5es na casa do Secret Story 9 devido \u00e0 proximidade de ambas que pode ou n\u00e3o evoluir para algo mais do que uma simples amizade.<\/p>\n<p>Se Liliana tinha um namorado, Z\u00e9, e acabou a rela\u00e7\u00e3o de quatro anos para viver um novo amor, In\u00eas j\u00e1 fez saber que tamb\u00e9m tem uma rela\u00e7\u00e3o amorosa fora da casa mais vigiada do Pa\u00eds.<\/p>\n<p>Ora, este foi o mote para a divulga\u00e7\u00e3o das primeiras imagens em que In\u00eas surge ao lado do namorado. Na rede social X (anterior Twitter), as rea\u00e7\u00f5es entre os f\u00e3s do\u00a0reality show\u00a0da TVI n\u00e3o se fizeram esperar: \u201c<strong>Afinal a In\u00eas tem mesmo namorado. Ou seja, o interesse pelo Dylan ou pela Vera \u00e9 muito mau<\/strong>\u201d ou \u201c<strong>RIP namorado da In\u00eas<\/strong>\u201c, pode ler-se entre algumas mensagens.<\/p>\n<p>Inclusive, h\u00e1 quem j\u00e1 fa\u00e7a compara\u00e7\u00f5es com a hist\u00f3ria de Liliana e Z\u00e9: \u201c<strong>Mais um encornado. Isto n\u00e3o \u00e9 uma casa. \u00c9 um bordel<\/strong>\u201c, \u201c<strong>Ele e o Z\u00e9 que formem um clube, ou uma banda<\/strong><strong> \u2018Los Encornados\u2019<\/strong>\u201d ou \u201c<strong>Com todo o respeito, acho que pode ir fazer companhia ao Z\u00e9<\/strong>\u201c, l\u00ea-se ainda.<\/p>\n<p>Veja em baixo:<\/p>\n<blockquote class=\"twitter-tweet\">\n<p dir=\"ltr\" lang=\"pt\">Afinal a In\u00eas tem mesmo namorado seja o interesse pelo Dylan ou pelo Vera e muito mau \ud83d\udc80\ud83d\udc80 <a href=\"https:\/\/twitter.com\/hashtag\/sstvi?src=hash&amp;ref_src=twsrc%5Etfw\" rel=\"nofollow noopener\" target=\"_blank\">#sstvi<\/a> <a href=\"https:\/\/t.co\/8OfU2sJVWn\" rel=\"nofollow\">pic.twitter.com\/8OfU2sJVWn<\/a><\/p>\n<p>\u2014 Rafael\ud83d\udeaa\ud83e\udd87\ud83c\udfbe\ud83c\udf45\ud83d\udc8e\ud83d\udc8b (@Soquerobarraco) <a href=\"https:\/\/twitter.com\/Soquerobarraco\/status\/1978232537286594996?ref_src=twsrc%5Etfw\" rel=\"nofollow noopener\" target=\"_blank\">October 14, 2025<\/a><\/p>\n<\/blockquote>\n<blockquote class=\"twitter-tweet\">\n<p dir=\"ltr\" lang=\"pt\">RIP namorado da in\u00eas ahahah <a href=\"https:\/\/twitter.com\/hashtag\/sstvi?src=hash&amp;ref_src=twsrc%5Etfw\" rel=\"nofollow noopener\" target=\"_blank\">#sstvi<\/a> <a href=\"https:\/\/t.co\/Ddqs5tRktD\" rel=\"nofollow\">pic.twitter.com\/Ddqs5tRktD<\/a><\/p>\n<p>\u2014 bia (@biarg25) <a href=\"https:\/\/twitter.com\/biarg25\/status\/1978210705594609779?ref_src=twsrc%5Etfw\" rel=\"nofollow noopener\" target=\"_blank\">October 14, 2025<\/a><\/p>\n<\/blockquote>\n<p>\t\t\t\t\t\t\t\t\t\t\t\t\t\t\t\t\t\t\t\t\t\t\t\t\t\t\t<script async src=\"https:\/\/platform.twitter.com\/widgets.js\" charset=\"utf-8\"><\/script><\/p>\n","protected":false},"excerpt":{"rendered":"Al\u00e9m de Liliana e F\u00e1bio, In\u00eas e Vera est\u00e3o no centro das aten\u00e7\u00f5es na casa do Secret Story&hellip;\n","protected":false},"author":2,"featured_media":111989,"comment_status":"","ping_status":"","sticky":false,"template":"","format":"standard","meta":{"footnotes":""},"categories":[142],"tags":[1661,114,115,21994,26469,7399,32,33,151,11841,24623],"class_list":{"0":"post-111988","1":"post","2":"type-post","3":"status-publish","4":"format-standard","5":"has-post-thumbnail","7":"category-tv","8":"tag-destaque","9":"tag-entertainment","10":"tag-entretenimento","11":"tag-imagens","12":"tag-inu00eas","13":"tag-namorado","14":"tag-portugal","15":"tag-pt","16":"tag-tv","17":"tag-vera","18":"tag-zu00e9"},"share_on_mastodon":{"url":"","error":""},"_links":{"self":[{"href":"https:\/\/www.europesays.com\/pt\/wp-json\/wp\/v2\/posts\/111988","targetHints":{"allow":["GET"]}}],"collection":[{"href":"https:\/\/www.europesays.com\/pt\/wp-json\/wp\/v2\/posts"}],"about":[{"href":"https:\/\/www.europesays.com\/pt\/wp-json\/wp\/v2\/types\/post"}],"author":[{"embeddable":true,"href":"https:\/\/www.europesays.com\/pt\/wp-json\/wp\/v2\/users\/2"}],"replies":[{"embeddable":true,"href":"https:\/\/www.europesays.com\/pt\/wp-json\/wp\/v2\/comments?post=111988"}],"version-history":[{"count":0,"href":"https:\/\/www.europesays.com\/pt\/wp-json\/wp\/v2\/posts\/111988\/revisions"}],"wp:featuredmedia":[{"embeddable":true,"href":"https:\/\/www.europesays.com\/pt\/wp-json\/wp\/v2\/media\/111989"}],"wp:attachment":[{"href":"https:\/\/www.europesays.com\/pt\/wp-json\/wp\/v2\/media?parent=111988"}],"wp:term":[{"taxonomy":"category","embeddable":true,"href":"https:\/\/www.europesays.com\/pt\/wp-json\/wp\/v2\/categories?post=111988"},{"taxonomy":"post_tag","embeddable":true,"href":"https:\/\/www.europesays.com\/pt\/wp-json\/wp\/v2\/tags?post=111988"}],"curies":[{"name":"wp","href":"https:\/\/api.w.org\/{rel}","templated":true}]}}