{"id":112000,"date":"2025-10-15T16:55:11","date_gmt":"2025-10-15T16:55:11","guid":{"rendered":"https:\/\/www.europesays.com\/pt\/112000\/"},"modified":"2025-10-15T16:55:11","modified_gmt":"2025-10-15T16:55:11","slug":"nova-lei-da-nacionalidade-discussao-adiada-para-dia-22-de-outubro","status":"publish","type":"post","link":"https:\/\/www.europesays.com\/pt\/112000\/","title":{"rendered":"Nova Lei da Nacionalidade. Discuss\u00e3o adiada para dia 22 de outubro"},"content":{"rendered":"<p>                    <b>A proposta mant\u00e9m a possibilidade de perda de cidadania a quem cometa crimes graves, mas retira a retroatividade inicialmente prevista<\/b>.<\/p>\n<p>A nova proposta prev\u00ea ainda a <b>aplica\u00e7\u00e3o do mesmo regime de contagem de anos para acesso \u00e0 nacionalidade para cidad\u00e3os europeus e da CPLP<\/b>.<\/p>\n<p>Os candidatos ter\u00e3o tamb\u00e9m de realizar um exame de portugu\u00eas e de conhecimento dos princ\u00edpios constitucionais do Estado de Direito.&#13;<\/p>\n","protected":false},"excerpt":{"rendered":"A proposta mant\u00e9m a possibilidade de perda de cidadania a quem cometa crimes graves, mas retira a retroatividade&hellip;\n","protected":false},"author":2,"featured_media":112001,"comment_status":"","ping_status":"","sticky":false,"template":"","format":"standard","meta":{"footnotes":""},"categories":[10],"tags":[2030,27,28,14074,742,15,16,301,14,25,26,931,21,22,15579,12,13,19,20,4532,32,23,24,33,17,18,29,30,31],"class_list":{"0":"post-112000","1":"post","2":"type-post","3":"status-publish","4":"format-standard","5":"has-post-thumbnail","7":"category-portugal","8":"tag-assembleia-da-republica","9":"tag-breaking-news","10":"tag-breakingnews","11":"tag-debate","12":"tag-discussao","13":"tag-featured-news","14":"tag-featurednews","15":"tag-governo","16":"tag-headlines","17":"tag-latest-news","18":"tag-latestnews","19":"tag-lei","20":"tag-main-news","21":"tag-mainnews","22":"tag-nacionalidade","23":"tag-news","24":"tag-noticias","25":"tag-noticias-principais","26":"tag-noticiasprincipais","27":"tag-parlamento","28":"tag-portugal","29":"tag-principais-noticias","30":"tag-principaisnoticias","31":"tag-pt","32":"tag-top-stories","33":"tag-topstories","34":"tag-ultimas","35":"tag-ultimas-noticias","36":"tag-ultimasnoticias"},"share_on_mastodon":{"url":"","error":""},"_links":{"self":[{"href":"https:\/\/www.europesays.com\/pt\/wp-json\/wp\/v2\/posts\/112000","targetHints":{"allow":["GET"]}}],"collection":[{"href":"https:\/\/www.europesays.com\/pt\/wp-json\/wp\/v2\/posts"}],"about":[{"href":"https:\/\/www.europesays.com\/pt\/wp-json\/wp\/v2\/types\/post"}],"author":[{"embeddable":true,"href":"https:\/\/www.europesays.com\/pt\/wp-json\/wp\/v2\/users\/2"}],"replies":[{"embeddable":true,"href":"https:\/\/www.europesays.com\/pt\/wp-json\/wp\/v2\/comments?post=112000"}],"version-history":[{"count":0,"href":"https:\/\/www.europesays.com\/pt\/wp-json\/wp\/v2\/posts\/112000\/revisions"}],"wp:featuredmedia":[{"embeddable":true,"href":"https:\/\/www.europesays.com\/pt\/wp-json\/wp\/v2\/media\/112001"}],"wp:attachment":[{"href":"https:\/\/www.europesays.com\/pt\/wp-json\/wp\/v2\/media?parent=112000"}],"wp:term":[{"taxonomy":"category","embeddable":true,"href":"https:\/\/www.europesays.com\/pt\/wp-json\/wp\/v2\/categories?post=112000"},{"taxonomy":"post_tag","embeddable":true,"href":"https:\/\/www.europesays.com\/pt\/wp-json\/wp\/v2\/tags?post=112000"}],"curies":[{"name":"wp","href":"https:\/\/api.w.org\/{rel}","templated":true}]}}