{"id":112027,"date":"2025-10-15T17:28:07","date_gmt":"2025-10-15T17:28:07","guid":{"rendered":"https:\/\/www.europesays.com\/pt\/112027\/"},"modified":"2025-10-15T17:28:07","modified_gmt":"2025-10-15T17:28:07","slug":"pco-realiza-noite-de-autografos-de-novo-livro-em-montes-claros","status":"publish","type":"post","link":"https:\/\/www.europesays.com\/pt\/112027\/","title":{"rendered":"PCO realiza noite de aut\u00f3grafos de novo livro em Montes Claros"},"content":{"rendered":"<p>O jornalista Paulo Cesar de Oliveira, o PCO, estar\u00e1 em Montes Claros nesta quinta-feira (16\/10) para uma noite de aut\u00f3grafos do <a href=\"https:\/\/www.otempo.com.br\/entretenimento\/2025\/6\/27\/colunista-de-o-tempo-pco-lanca-coletanea-de-cronicas-publicadas-ao-longo-dos-ultimos-8-anos\" target=\"_blank\" rel=\"noopener nofollow\">livro \u201cCr\u00f4nicas pol\u00edticas de um mineiro\u201d<\/a>. A obra re\u00fane artigos que PCO escreveu para <strong>O TEMPO<\/strong> entre os anos de 2017 e 2025. O evento acontece a partir das 19h, na sede da Associa\u00e7\u00e3o Comercial, Industrial e de Servi\u00e7os (ACI MOC).<\/p>\n<p>Antes de seguir para o Norte de Minas, PCO j\u00e1 passou por Bras\u00edlia, Rio de Janeiro, S\u00e3o Paulo e Belo Horizonte. Al\u00e9m da terra de Darcy Ribeiro, Montes Claros tamb\u00e9m \u00e9 o munic\u00edpio onde nasceu a esposa do jornalista, Maria In\u00eas Narciso. PCO tamb\u00e9m morou na cidade por 15 anos, onde iniciou a carreira jornal\u00edstica.<\/p>\n<p>\u201cCr\u00f4nicas pol\u00edticas de um mineiro\u201d foi lan\u00e7ado pela editora Imago em junho deste ano. Com 320 p\u00e1ginas, a publica\u00e7\u00e3o, al\u00e9m de permitir uma vis\u00e3o panor\u00e2mica da cena pol\u00edtica nacional, apresenta uma s\u00e9rie de depoimentos sobre o trabalho do colunista, bem como um acervo de fotos.<\/p>\n<p>Em 2025, PCO completa 60 anos de carreira. Ao longo da trajet\u00f3ria, ele se tornou um dos mais influentes jornalistas mineiros, com mais de 40 anos de atua\u00e7\u00e3o em importantes ve\u00edculos de comunica\u00e7\u00e3o do estado.<\/p>\n","protected":false},"excerpt":{"rendered":"O jornalista Paulo Cesar de Oliveira, o PCO, estar\u00e1 em Montes Claros nesta quinta-feira (16\/10) para uma noite&hellip;\n","protected":false},"author":2,"featured_media":112028,"comment_status":"","ping_status":"","sticky":false,"template":"","format":"standard","meta":{"footnotes":""},"categories":[143],"tags":[17643,169,114,115,237,170,26473,26472,32,33],"class_list":{"0":"post-112027","1":"post","2":"type-post","3":"status-publish","4":"format-standard","5":"has-post-thumbnail","7":"category-livros","8":"tag-autografos","9":"tag-books","10":"tag-entertainment","11":"tag-entretenimento","12":"tag-livro","13":"tag-livros","14":"tag-montes-claros-mg","15":"tag-pco","16":"tag-portugal","17":"tag-pt"},"share_on_mastodon":{"url":"","error":""},"_links":{"self":[{"href":"https:\/\/www.europesays.com\/pt\/wp-json\/wp\/v2\/posts\/112027","targetHints":{"allow":["GET"]}}],"collection":[{"href":"https:\/\/www.europesays.com\/pt\/wp-json\/wp\/v2\/posts"}],"about":[{"href":"https:\/\/www.europesays.com\/pt\/wp-json\/wp\/v2\/types\/post"}],"author":[{"embeddable":true,"href":"https:\/\/www.europesays.com\/pt\/wp-json\/wp\/v2\/users\/2"}],"replies":[{"embeddable":true,"href":"https:\/\/www.europesays.com\/pt\/wp-json\/wp\/v2\/comments?post=112027"}],"version-history":[{"count":0,"href":"https:\/\/www.europesays.com\/pt\/wp-json\/wp\/v2\/posts\/112027\/revisions"}],"wp:featuredmedia":[{"embeddable":true,"href":"https:\/\/www.europesays.com\/pt\/wp-json\/wp\/v2\/media\/112028"}],"wp:attachment":[{"href":"https:\/\/www.europesays.com\/pt\/wp-json\/wp\/v2\/media?parent=112027"}],"wp:term":[{"taxonomy":"category","embeddable":true,"href":"https:\/\/www.europesays.com\/pt\/wp-json\/wp\/v2\/categories?post=112027"},{"taxonomy":"post_tag","embeddable":true,"href":"https:\/\/www.europesays.com\/pt\/wp-json\/wp\/v2\/tags?post=112027"}],"curies":[{"name":"wp","href":"https:\/\/api.w.org\/{rel}","templated":true}]}}