{"id":112038,"date":"2025-10-15T17:43:34","date_gmt":"2025-10-15T17:43:34","guid":{"rendered":"https:\/\/www.europesays.com\/pt\/112038\/"},"modified":"2025-10-15T17:43:34","modified_gmt":"2025-10-15T17:43:34","slug":"navio-da-marinha-dispara-municao-inerte-durante-preparativos-de-largada-e-atinge-barco-atracado-no-porto","status":"publish","type":"post","link":"https:\/\/www.europesays.com\/pt\/112038\/","title":{"rendered":"Navio da Marinha dispara &#8220;muni\u00e7\u00e3o inerte&#8221; durante preparativos de largada e atinge barco atracado no porto"},"content":{"rendered":"<p>\t                Marinha averigua disparo inesperado de \u201cmuni\u00e7\u00e3o inerte\u201d em navio patrulha em Ponta Delgada<\/p>\n<p>A Marinha iniciou um processo de averigua\u00e7\u00f5es para apuramento do \u201cdisparo inopinado de uma muni\u00e7\u00e3o inerte\u201d no navio patrulha oce\u00e2nico Viana do Castelo, ocorrido no porto de Ponta Delgada, nos A\u00e7ores.<\/p>\n<p><a href=\"https:\/\/www.marinha.pt\/pt\/media-center\/Noticias\/Paginas\/Nota-de-esclarecimento---NRP-Viana-do-Castelo.aspx\" target=\"_blank\" rel=\"nofollow noopener\">Segundo uma nota de esclarecimento publicada no site da Marinha<\/a>, o incidente ocorreu na segunda-feira de manh\u00e3 e \u201cn\u00e3o h\u00e1 danos a registar com pessoal\u201d.<\/p>\n<p>\u201cEsta manh\u00e3, no porto de Ponta Delgada, nos A\u00e7ores, o [Navio da Rep\u00fablica Portuguesa] NRP Viana do Castelo efetuou um disparo inopinado de uma muni\u00e7\u00e3o inerte (sem carga explosiva) da sua pe\u00e7a de artilharia de 30 mm [mil\u00edmetros]\u201d, adiantou.<\/p>\n<p>O incidente \u201cocorreu durante as verifica\u00e7\u00f5es dos sistemas de armas do navio, no \u00e2mbito dos preparativos de largada para o mar\u201d.<\/p>\n<p>Na nota, a Marinha refere que numa avalia\u00e7\u00e3o, ainda preliminar, \u201cforam identificados alguns danos materiais no navio de tr\u00e1fego local Isabel C, atracado em frente ao NRP Viana do Castelo\u201d.<\/p>\n<p>A Marinha iniciou um processo de averigua\u00e7\u00f5es, \u201ccom vista ao apuramento das causas do sucedido\u201d.<\/p>\n","protected":false},"excerpt":{"rendered":"Marinha averigua disparo inesperado de \u201cmuni\u00e7\u00e3o inerte\u201d em navio patrulha em Ponta Delgada A Marinha iniciou um processo&hellip;\n","protected":false},"author":2,"featured_media":112039,"comment_status":"","ping_status":"","sticky":false,"template":"","format":"standard","meta":{"footnotes":""},"categories":[10],"tags":[351,609,611,27,28,607,608,604,610,26476,539,15,16,14,603,25,26,570,21,22,4490,606,26475,26474,12,13,19,20,602,32,23,24,33,58,605,17,18,29,30,31],"class_list":{"0":"post-112038","1":"post","2":"type-post","3":"status-publish","4":"format-standard","5":"has-post-thumbnail","7":"category-portugal","8":"tag-acores","9":"tag-alerta","10":"tag-ao-minuto","11":"tag-breaking-news","12":"tag-breakingnews","13":"tag-cnn","14":"tag-cnn-portugal","15":"tag-crime","16":"tag-direto","17":"tag-disparo","18":"tag-educacao","19":"tag-featured-news","20":"tag-featurednews","21":"tag-headlines","22":"tag-justica","23":"tag-latest-news","24":"tag-latestnews","25":"tag-live","26":"tag-main-news","27":"tag-mainnews","28":"tag-marinha","29":"tag-meteorologia","30":"tag-navio-patrulha","31":"tag-navio-viana-do-castelo","32":"tag-news","33":"tag-noticias","34":"tag-noticias-principais","35":"tag-noticiasprincipais","36":"tag-pais","37":"tag-portugal","38":"tag-principais-noticias","39":"tag-principaisnoticias","40":"tag-pt","41":"tag-sociedade","42":"tag-tempo","43":"tag-top-stories","44":"tag-topstories","45":"tag-ultimas","46":"tag-ultimas-noticias","47":"tag-ultimasnoticias"},"share_on_mastodon":{"url":"","error":""},"_links":{"self":[{"href":"https:\/\/www.europesays.com\/pt\/wp-json\/wp\/v2\/posts\/112038","targetHints":{"allow":["GET"]}}],"collection":[{"href":"https:\/\/www.europesays.com\/pt\/wp-json\/wp\/v2\/posts"}],"about":[{"href":"https:\/\/www.europesays.com\/pt\/wp-json\/wp\/v2\/types\/post"}],"author":[{"embeddable":true,"href":"https:\/\/www.europesays.com\/pt\/wp-json\/wp\/v2\/users\/2"}],"replies":[{"embeddable":true,"href":"https:\/\/www.europesays.com\/pt\/wp-json\/wp\/v2\/comments?post=112038"}],"version-history":[{"count":0,"href":"https:\/\/www.europesays.com\/pt\/wp-json\/wp\/v2\/posts\/112038\/revisions"}],"wp:featuredmedia":[{"embeddable":true,"href":"https:\/\/www.europesays.com\/pt\/wp-json\/wp\/v2\/media\/112039"}],"wp:attachment":[{"href":"https:\/\/www.europesays.com\/pt\/wp-json\/wp\/v2\/media?parent=112038"}],"wp:term":[{"taxonomy":"category","embeddable":true,"href":"https:\/\/www.europesays.com\/pt\/wp-json\/wp\/v2\/categories?post=112038"},{"taxonomy":"post_tag","embeddable":true,"href":"https:\/\/www.europesays.com\/pt\/wp-json\/wp\/v2\/tags?post=112038"}],"curies":[{"name":"wp","href":"https:\/\/api.w.org\/{rel}","templated":true}]}}