{"id":112060,"date":"2025-10-15T18:04:09","date_gmt":"2025-10-15T18:04:09","guid":{"rendered":"https:\/\/www.europesays.com\/pt\/112060\/"},"modified":"2025-10-15T18:04:09","modified_gmt":"2025-10-15T18:04:09","slug":"acusado-de-plagio-diretor-do-clipe-de-soyeon-do-i-dle-confirma-inspiracao","status":"publish","type":"post","link":"https:\/\/www.europesays.com\/pt\/112060\/","title":{"rendered":"Acusado de pl\u00e1gio, diretor do clipe de Soyeon, do I-DLE, confirma inspira\u00e7\u00e3o"},"content":{"rendered":"<p>O diretor <strong style=\"font-family: arial, helvetica, sans-serif;\">Hong Min Ho,<\/strong> que esteve \u00e0 frente do videoclipe de \u2018DAMDARI\u2019, colabora\u00e7\u00e3o entre\u00a0<strong style=\"font-family: arial, helvetica, sans-serif;\">Soyeon,\u00a0<\/strong>do <a href=\"https:\/\/recreio.com.br\/tags\/k-pop\" target=\"_blank\" rel=\"noopener nofollow\">I-DLE<\/a>, e\u00a0<strong style=\"font-family: arial, helvetica, sans-serif;\">R.Tee,<\/strong> divulgou um pronunciamento oficial nesta ter\u00e7a-feira, 14, atrav\u00e9s da RTST Label, confessando ter se inspirado em \u2018B*** You Could Never\u2019 de <strong style=\"font-family: arial, helvetica, sans-serif;\">Yseult, <\/strong>ap\u00f3s ser acusado de pl\u00e1gio na internet.<\/p>\n<p>Na <a href=\"https:\/\/www.rtstlabel.com\/\" target=\"_blank\" rel=\"noopener nofollow\">declara\u00e7\u00e3o<\/a> ele afirma que os cantores da faixa n\u00e3o t\u00eam envolvimento nenhum no caso, e se desculpa por algumas cenas e conceito geral estarem semelhantes ao clipe da artista francesa. O cineasta relata estar arrependido por qualquer m\u00e1 interpreta\u00e7\u00e3o que o conte\u00fado gerou na cantora e sua equipe.\u00a0<\/p>\n<blockquote>\n<p>\u201cPe\u00e7o sinceras desculpas pela express\u00e3o de certas cenas do clipe, que ficaram iguais \u00e0s do trabalho original, e me arrependo profundamente de qualquer ofensa que possa ter imputado a Yseult e seu time. [\u2026] No futuro, vou conduzir pesquisas mais profundas durante o meu processo criativo, e me certificar de respeitar os criadores e artistas que me inspiraram.\u201d<\/p>\n<\/blockquote>\n<p>Em resposta em seu perfil oficial,\u00a0<strong><a href=\"https:\/\/www.instagram.com\/yseult\/?hl=en\" target=\"_blank\" rel=\"noopener nofollow\">Yseult<\/a>\u00a0<\/strong>agradece o pedido de perd\u00e3o, mas afirma que n\u00e3o se trata de \u201cuma inspira\u00e7\u00e3o, e sim de pl\u00e1gio\u201d, considerado crime mundialmente, finalizando com: \u201cN\u00e3o vamos mudar a narrativa! D\u00ea cr\u00e9dito onde ele \u00e9 devido.\u201d<\/p>\n<p> Afinal, o que aconteceu? <\/p>\n<p>No \u00faltimo s\u00e1bado, 11, a artista francesa <strong>Yseult <\/strong>acusou atrav\u00e9s das redes sociais ter sofrido <a href=\"https:\/\/pt.wikipedia.org\/wiki\/Pl%C3%A1gio\" target=\"_blank\" rel=\"noopener nofollow\">pl\u00e1gio<\/a> pela dire\u00e7\u00e3o do videoclipe do single \u2018DAMDADI\u2019, uma parceria lan\u00e7ada em agosto por <strong>Soyeon,\u00a0<\/strong><a href=\"https:\/\/recreio.com.br\/noticias\/entretenimento\/os-dois-trainees-que-quase-fizeram-parte-do-bts-mas-quase-ninguem-conhece.phtml\" target=\"_blank\" rel=\"noopener nofollow\">integrante<\/a> do I-DLE, e\u00a0<strong>R.Tee.<\/strong><\/p>\n<blockquote class=\"twitter-tweet\" data-media-max-width=\"560\">\n<p dir=\"ltr\" lang=\"ko\">\ud504\ub791\uc2a4 \uac00\uc218 Yseult\uac00 \uc804\uc18c\uc5f0\uc774 \ud53c\uccd0\ub9c1\ud55c R.tee\uc758 \ubba4\ube44\uac00 \uc790\uc2e0\uc758 \ubba4\ube44\ub97c \ud45c\uc808\ud588\ub2e4\ub294 \uc758\ud639 \uc81c\uae30<\/p>\n<p>\uc544\ub2c8\ub77c\uace0 \ud558\uae30\uc5d4 \ub108\ubb34 \ub300\ub193\uace0 \ud55c \uac70 \uc544\ub2cc\uac00 \u3137\u3137 <a href=\"https:\/\/t.co\/MlFUiUq8bu\" rel=\"nofollow\">pic.twitter.com\/MlFUiUq8bu<\/a><\/p>\n<p>\u2014 \ud654\uc811 (@0happyjin00) <a href=\"https:\/\/twitter.com\/0happyjin00\/status\/1977697732354564373?ref_src=twsrc%5Etfw\" rel=\"nofollow noopener\" target=\"_blank\">October 13, 2025<\/a><\/p>\n<\/blockquote>\n<p>Na publica\u00e7\u00e3o da francesa, ela relata: \u201cDiretores, gravadora, artistas e todo mundo envolvido deveriam ter a dec\u00eancia de creditar o original. Sejamos sinceros: a ind\u00fastria do k-pop, como muitas outras, tem drenado a cultura negra como um vampiro h\u00e1 d\u00e9cadas. Sampleando o nosso som, roubando nossas dan\u00e7as, vestindo nossa pele como uma fantasia, lucrando com a nossa dor enquanto apagam o nosso nome\u201d.<\/p>\n<p>\t                                            <script async src=\"https:\/\/platform.twitter.com\/widgets.js\" charset=\"utf-8\"><\/script><script async src=\"\/\/www.instagram.com\/embed.js\"><\/script><\/p>\n","protected":false},"excerpt":{"rendered":"O diretor Hong Min Ho, que esteve \u00e0 frente do videoclipe de \u2018DAMDARI\u2019, colabora\u00e7\u00e3o entre\u00a0Soyeon,\u00a0do I-DLE, e\u00a0R.Tee, divulgou&hellip;\n","protected":false},"author":2,"featured_media":112061,"comment_status":"","ping_status":"","sticky":false,"template":"","format":"standard","meta":{"footnotes":""},"categories":[141],"tags":[114,115,9983,26478,1688,149,150,32,33,26479],"class_list":{"0":"post-112060","1":"post","2":"type-post","3":"status-publish","4":"format-standard","5":"has-post-thumbnail","7":"category-musica","8":"tag-entertainment","9":"tag-entretenimento","10":"tag-girlgroup","11":"tag-i-dle","12":"tag-k-pop","13":"tag-music","14":"tag-musica","15":"tag-portugal","16":"tag-pt","17":"tag-soyeon"},"share_on_mastodon":{"url":"","error":""},"_links":{"self":[{"href":"https:\/\/www.europesays.com\/pt\/wp-json\/wp\/v2\/posts\/112060","targetHints":{"allow":["GET"]}}],"collection":[{"href":"https:\/\/www.europesays.com\/pt\/wp-json\/wp\/v2\/posts"}],"about":[{"href":"https:\/\/www.europesays.com\/pt\/wp-json\/wp\/v2\/types\/post"}],"author":[{"embeddable":true,"href":"https:\/\/www.europesays.com\/pt\/wp-json\/wp\/v2\/users\/2"}],"replies":[{"embeddable":true,"href":"https:\/\/www.europesays.com\/pt\/wp-json\/wp\/v2\/comments?post=112060"}],"version-history":[{"count":0,"href":"https:\/\/www.europesays.com\/pt\/wp-json\/wp\/v2\/posts\/112060\/revisions"}],"wp:featuredmedia":[{"embeddable":true,"href":"https:\/\/www.europesays.com\/pt\/wp-json\/wp\/v2\/media\/112061"}],"wp:attachment":[{"href":"https:\/\/www.europesays.com\/pt\/wp-json\/wp\/v2\/media?parent=112060"}],"wp:term":[{"taxonomy":"category","embeddable":true,"href":"https:\/\/www.europesays.com\/pt\/wp-json\/wp\/v2\/categories?post=112060"},{"taxonomy":"post_tag","embeddable":true,"href":"https:\/\/www.europesays.com\/pt\/wp-json\/wp\/v2\/tags?post=112060"}],"curies":[{"name":"wp","href":"https:\/\/api.w.org\/{rel}","templated":true}]}}