{"id":112070,"date":"2025-10-15T18:17:08","date_gmt":"2025-10-15T18:17:08","guid":{"rendered":"https:\/\/www.europesays.com\/pt\/112070\/"},"modified":"2025-10-15T18:17:08","modified_gmt":"2025-10-15T18:17:08","slug":"dylan-sem-papas-na-lingua-a-liliana-estar-a-incentiva-la-a-deixar-me-para-estar-com-outra-pessoa","status":"publish","type":"post","link":"https:\/\/www.europesays.com\/pt\/112070\/","title":{"rendered":"Dylan sem &#8216;papas na l\u00edngua&#8217;: \u00abA Liliana estar a incentiv\u00e1-la a deixar-me para estar com outra pessoa\u2026\u00bb"},"content":{"rendered":"<p style=\"margin-bottom:11px\">No Secret Story 9, os concorrentes foram desafiados a responder perguntas que h\u00e1 muito guardavam. Rui lan\u00e7ou uma quest\u00e3o direta a Vera: \u00abExistia uma vontade tua igual de continuar ou continuaste simplesmente porque viste que ele tamb\u00e9m queria?\u00bb Vera admitiu que a reconcilia\u00e7\u00e3o com Dylan foi precipitada: \u00abFoi precipitado\u2026\u00bb. Dylan n\u00e3o deixou de reagir e confessou que o que mais o magoou foram os conselhos de Liliana: \u00abN\u00e3o \u00e9 exemplo para ningu\u00e9m. A Liliana estar a incentiv\u00e1-la a deixar-me para estar com outra pessoa. Foi s\u00f3 isso que me magoou\u00bb. O momento gerou tens\u00e3o e emo\u00e7\u00e3o dentro da casa, deixando os concorrentes a refletir sobre rela\u00e7\u00f5es, conselhos e decis\u00f5es precipitadas no jogo.<\/p>\n","protected":false},"excerpt":{"rendered":"No Secret Story 9, os concorrentes foram desafiados a responder perguntas que h\u00e1 muito guardavam. Rui lan\u00e7ou uma&hellip;\n","protected":false},"author":2,"featured_media":112071,"comment_status":"","ping_status":"","sticky":false,"template":"","format":"standard","meta":{"footnotes":""},"categories":[142],"tags":[19105,114,115,19016,32,33,151,11841],"class_list":{"0":"post-112070","1":"post","2":"type-post","3":"status-publish","4":"format-standard","5":"has-post-thumbnail","7":"category-tv","8":"tag-dylan","9":"tag-entertainment","10":"tag-entretenimento","11":"tag-liliana","12":"tag-portugal","13":"tag-pt","14":"tag-tv","15":"tag-vera"},"share_on_mastodon":{"url":"","error":""},"_links":{"self":[{"href":"https:\/\/www.europesays.com\/pt\/wp-json\/wp\/v2\/posts\/112070","targetHints":{"allow":["GET"]}}],"collection":[{"href":"https:\/\/www.europesays.com\/pt\/wp-json\/wp\/v2\/posts"}],"about":[{"href":"https:\/\/www.europesays.com\/pt\/wp-json\/wp\/v2\/types\/post"}],"author":[{"embeddable":true,"href":"https:\/\/www.europesays.com\/pt\/wp-json\/wp\/v2\/users\/2"}],"replies":[{"embeddable":true,"href":"https:\/\/www.europesays.com\/pt\/wp-json\/wp\/v2\/comments?post=112070"}],"version-history":[{"count":0,"href":"https:\/\/www.europesays.com\/pt\/wp-json\/wp\/v2\/posts\/112070\/revisions"}],"wp:featuredmedia":[{"embeddable":true,"href":"https:\/\/www.europesays.com\/pt\/wp-json\/wp\/v2\/media\/112071"}],"wp:attachment":[{"href":"https:\/\/www.europesays.com\/pt\/wp-json\/wp\/v2\/media?parent=112070"}],"wp:term":[{"taxonomy":"category","embeddable":true,"href":"https:\/\/www.europesays.com\/pt\/wp-json\/wp\/v2\/categories?post=112070"},{"taxonomy":"post_tag","embeddable":true,"href":"https:\/\/www.europesays.com\/pt\/wp-json\/wp\/v2\/tags?post=112070"}],"curies":[{"name":"wp","href":"https:\/\/api.w.org\/{rel}","templated":true}]}}