{"id":112080,"date":"2025-10-15T18:25:18","date_gmt":"2025-10-15T18:25:18","guid":{"rendered":"https:\/\/www.europesays.com\/pt\/112080\/"},"modified":"2025-10-15T18:25:18","modified_gmt":"2025-10-15T18:25:18","slug":"tres-policias-mortos-numa-explosao-em-italia-durante-acao-de-despejo","status":"publish","type":"post","link":"https:\/\/www.europesays.com\/pt\/112080\/","title":{"rendered":"Tr\u00eas pol\u00edcias mortos numa explos\u00e3o em It\u00e1lia durante a\u00e7\u00e3o de despejo"},"content":{"rendered":"<p>O comandante dos carabineiros (corpo de gendarmes) da prov\u00edncia de Verona explicou que, ao entrarem na casa da quinta que era ocupada por tr\u00eas irm\u00e3os agricultores e criadores de gado, verificou-se a explos\u00e3o, provocada por uma botija de g\u00e1s, que provocou tr\u00eas mortos e 15 feridos, entre agentes policiais e dos bombeiros.<\/p>\n<p>O mesmo respons\u00e1vel indicou que se tratava de &#8220;um edif\u00edcio abandonado h\u00e1 v\u00e1rios meses, cujos ocupantes se tinham barricado no interior&#8221; e apontou que tudo aponta para que se tenha tratado de &#8220;um ato intencional cometido durante a entrada dos militares&#8221;, uma vez que j\u00e1 tinham amea\u00e7ado explodir a quinta numa anterior tentativa de despejo, .<\/p>\n<p>Os tr\u00eas irm\u00e3os &#8212; dois homens e uma mulher na casa dos 60 anos &#8211; foram detidos, um dos quais quando tentava fugir, anunciaram as autoridades.<\/p>\n<p>A a\u00e7\u00e3o de despejo, que teve lugar na \u00faltima madrugada em Castel d&#8217;Azzano, foi planeada ao longo de v\u00e1rios dias e mobilizou agentes das for\u00e7as especiais e de opera\u00e7\u00f5es antiterroristas, assim como bombeiros, precisamente face \u00e0 amea\u00e7a.<\/p>\n<p>Em buscas realizadas j\u00e1 depois da explos\u00e3o, foram encontradas cinco botijas de g\u00e1s que tinham sido colocadas em diferentes locais da casa, assim como diversos cocktails molotov.<\/p>\n<p>O Presidente italiano, Sergio Mattarella, e a primeira-ministra, Giorgia Meloni, j\u00e1 transmitiram mensagens de pesar e de homenagem na sequ\u00eancia da morte dos tr\u00eas agentes, Marco Piffari, Davide Bernardello e Valerio Dapra.<\/p>\n<p>&#8220;Nestas circunst\u00e2ncias dram\u00e1ticas, expresso a minha solidariedade com o Corpo dos Carabineiros e os meus sentimentos de condol\u00eancias aos familiares, juntamente com o desejo de uma r\u00e1pida recupera\u00e7\u00e3o aos agentes feridos&#8221;, declarou o chefe de Estado.<\/p>\n<p>Tamb\u00e9m Meloni enviou mensagens de condol\u00eancias para as fam\u00edlias das v\u00edtimas e disse estar a &#8220;acompanhar com participa\u00e7\u00e3o e tristeza o desenrolar deste dram\u00e1tico acontecimento, que faz lembrar mais uma vez o valor e o sacrif\u00edcio di\u00e1rio daqueles que servem o Estado e os seus cidad\u00e3os&#8221;.<\/p>\n<p>O ministro da Defesa, Guido Crosetto, cujo minist\u00e9rio \u00e9 respons\u00e1vel pelos &#8216;Carabinieri&#8217;, e o ministro do Interior, Matteo Piantedosi, tamb\u00e9m se juntaram \u00e0s figuras pol\u00edticas que lamentaram a morte dos agentes da pol\u00edcia.<\/p>\n<p>Leia Tamb\u00e9m: <a href=\"https:\/\/www.noticiasaominuto.com\/mundo\/2870261\/tensao-em-milao-apos-rejeitada-suspensao-de-geminacao-com-telavive\" target=\"_blank\" rel=\"noreferrer noopener nofollow\">Tens\u00e3o em Mil\u00e3o ap\u00f3s rejeitada suspens\u00e3o de gemina\u00e7\u00e3o com Telavive<\/a><\/p>\n","protected":false},"excerpt":{"rendered":"O comandante dos carabineiros (corpo de gendarmes) da prov\u00edncia de Verona explicou que, ao entrarem na casa da&hellip;\n","protected":false},"author":2,"featured_media":112081,"comment_status":"","ping_status":"","sticky":false,"template":"","format":"standard","meta":{"footnotes":""},"categories":[50],"tags":[27,28,15,16,14,25,26,21,22,62,12,13,19,20,23,24,17,18,29,30,31,63,64,65],"class_list":{"0":"post-112080","1":"post","2":"type-post","3":"status-publish","4":"format-standard","5":"has-post-thumbnail","7":"category-mundo","8":"tag-breaking-news","9":"tag-breakingnews","10":"tag-featured-news","11":"tag-featurednews","12":"tag-headlines","13":"tag-latest-news","14":"tag-latestnews","15":"tag-main-news","16":"tag-mainnews","17":"tag-mundo","18":"tag-news","19":"tag-noticias","20":"tag-noticias-principais","21":"tag-noticiasprincipais","22":"tag-principais-noticias","23":"tag-principaisnoticias","24":"tag-top-stories","25":"tag-topstories","26":"tag-ultimas","27":"tag-ultimas-noticias","28":"tag-ultimasnoticias","29":"tag-world","30":"tag-world-news","31":"tag-worldnews"},"share_on_mastodon":{"url":"","error":""},"_links":{"self":[{"href":"https:\/\/www.europesays.com\/pt\/wp-json\/wp\/v2\/posts\/112080","targetHints":{"allow":["GET"]}}],"collection":[{"href":"https:\/\/www.europesays.com\/pt\/wp-json\/wp\/v2\/posts"}],"about":[{"href":"https:\/\/www.europesays.com\/pt\/wp-json\/wp\/v2\/types\/post"}],"author":[{"embeddable":true,"href":"https:\/\/www.europesays.com\/pt\/wp-json\/wp\/v2\/users\/2"}],"replies":[{"embeddable":true,"href":"https:\/\/www.europesays.com\/pt\/wp-json\/wp\/v2\/comments?post=112080"}],"version-history":[{"count":0,"href":"https:\/\/www.europesays.com\/pt\/wp-json\/wp\/v2\/posts\/112080\/revisions"}],"wp:featuredmedia":[{"embeddable":true,"href":"https:\/\/www.europesays.com\/pt\/wp-json\/wp\/v2\/media\/112081"}],"wp:attachment":[{"href":"https:\/\/www.europesays.com\/pt\/wp-json\/wp\/v2\/media?parent=112080"}],"wp:term":[{"taxonomy":"category","embeddable":true,"href":"https:\/\/www.europesays.com\/pt\/wp-json\/wp\/v2\/categories?post=112080"},{"taxonomy":"post_tag","embeddable":true,"href":"https:\/\/www.europesays.com\/pt\/wp-json\/wp\/v2\/tags?post=112080"}],"curies":[{"name":"wp","href":"https:\/\/api.w.org\/{rel}","templated":true}]}}