{"id":112117,"date":"2025-10-15T18:54:16","date_gmt":"2025-10-15T18:54:16","guid":{"rendered":"https:\/\/www.europesays.com\/pt\/112117\/"},"modified":"2025-10-15T18:54:16","modified_gmt":"2025-10-15T18:54:16","slug":"irlandes-encontrado-morto-numa-rua-de-lisboa-com-sinais-de-agressao","status":"publish","type":"post","link":"https:\/\/www.europesays.com\/pt\/112117\/","title":{"rendered":"Irland\u00eas encontrado morto numa rua de Lisboa com sinais de agress\u00e3o"},"content":{"rendered":"<p>\t                EM ATUALIZA\u00c7\u00c3O<\/p>\n<p>Um cidad\u00e3o irland\u00eas foi encontrado morto numa rua de Lisboa, esta manh\u00e3, na zona do antigo Casal Ventoso, apurou a CNN Portugal.<\/p>\n<p>A v\u00edtima, de 26 anos, encontrava-se prostrada no solo e apresentava sinais de agress\u00e3o, nomeadamente ferimentos na cabe\u00e7a e marcas de espancamento.<\/p>\n<p>A Pol\u00edcia Judici\u00e1ria foi acionada.<\/p>\n<p>O alerta foi dado cerca das 9:30 para o 112.<\/p>\n","protected":false},"excerpt":{"rendered":"EM ATUALIZA\u00c7\u00c3O Um cidad\u00e3o irland\u00eas foi encontrado morto numa rua de Lisboa, esta manh\u00e3, na zona do antigo&hellip;\n","protected":false},"author":2,"featured_media":97547,"comment_status":"","ping_status":"","sticky":false,"template":"","format":"standard","meta":{"footnotes":""},"categories":[10],"tags":[609,836,611,27,28,607,608,333,832,604,26489,135,610,476,26491,15,16,301,830,14,26490,603,25,26,570,21,22,831,833,26488,4633,62,834,12,13,19,20,835,602,52,32,23,24,33,17,18,29,30,31],"class_list":{"0":"post-112117","1":"post","2":"type-post","3":"status-publish","4":"format-standard","5":"has-post-thumbnail","7":"category-portugal","8":"tag-alerta","9":"tag-analise","10":"tag-ao-minuto","11":"tag-breaking-news","12":"tag-breakingnews","13":"tag-cnn","14":"tag-cnn-portugal","15":"tag-comentadores","16":"tag-costa","17":"tag-crime","18":"tag-crime-lisboa","19":"tag-desporto","20":"tag-direto","21":"tag-economia","22":"tag-estrangeiros-lisboa","23":"tag-featured-news","24":"tag-featurednews","25":"tag-governo","26":"tag-guerra","27":"tag-headlines","28":"tag-irlandes","29":"tag-justica","30":"tag-latest-news","31":"tag-latestnews","32":"tag-live","33":"tag-main-news","34":"tag-mainnews","35":"tag-mais-vistas","36":"tag-marcelo","37":"tag-morte-lisboa","38":"tag-morto-lisboa","39":"tag-mundo","40":"tag-negocios","41":"tag-news","42":"tag-noticias","43":"tag-noticias-principais","44":"tag-noticiasprincipais","45":"tag-opiniao","46":"tag-pais","47":"tag-politica","48":"tag-portugal","49":"tag-principais-noticias","50":"tag-principaisnoticias","51":"tag-pt","52":"tag-top-stories","53":"tag-topstories","54":"tag-ultimas","55":"tag-ultimas-noticias","56":"tag-ultimasnoticias"},"share_on_mastodon":{"url":"","error":""},"_links":{"self":[{"href":"https:\/\/www.europesays.com\/pt\/wp-json\/wp\/v2\/posts\/112117","targetHints":{"allow":["GET"]}}],"collection":[{"href":"https:\/\/www.europesays.com\/pt\/wp-json\/wp\/v2\/posts"}],"about":[{"href":"https:\/\/www.europesays.com\/pt\/wp-json\/wp\/v2\/types\/post"}],"author":[{"embeddable":true,"href":"https:\/\/www.europesays.com\/pt\/wp-json\/wp\/v2\/users\/2"}],"replies":[{"embeddable":true,"href":"https:\/\/www.europesays.com\/pt\/wp-json\/wp\/v2\/comments?post=112117"}],"version-history":[{"count":0,"href":"https:\/\/www.europesays.com\/pt\/wp-json\/wp\/v2\/posts\/112117\/revisions"}],"wp:featuredmedia":[{"embeddable":true,"href":"https:\/\/www.europesays.com\/pt\/wp-json\/wp\/v2\/media\/97547"}],"wp:attachment":[{"href":"https:\/\/www.europesays.com\/pt\/wp-json\/wp\/v2\/media?parent=112117"}],"wp:term":[{"taxonomy":"category","embeddable":true,"href":"https:\/\/www.europesays.com\/pt\/wp-json\/wp\/v2\/categories?post=112117"},{"taxonomy":"post_tag","embeddable":true,"href":"https:\/\/www.europesays.com\/pt\/wp-json\/wp\/v2\/tags?post=112117"}],"curies":[{"name":"wp","href":"https:\/\/api.w.org\/{rel}","templated":true}]}}