{"id":112213,"date":"2025-10-15T20:10:08","date_gmt":"2025-10-15T20:10:08","guid":{"rendered":"https:\/\/www.europesays.com\/pt\/112213\/"},"modified":"2025-10-15T20:10:08","modified_gmt":"2025-10-15T20:10:08","slug":"rtp-reviu-escolha-de-goncalo-sousa-para-comentador-auto-intitulado-embaixador-da-masculinidade-toxica","status":"publish","type":"post","link":"https:\/\/www.europesays.com\/pt\/112213\/","title":{"rendered":"RTP &#8220;reviu&#8221; escolha de Gon\u00e7alo Sousa para comentador, auto-intitulado &#8220;embaixador da masculinidade t\u00f3xica&#8221;"},"content":{"rendered":"<p>O convite estava feito e Gon\u00e7alo Sousa at\u00e9 foi \u00e0 apresenta\u00e7\u00e3o da nova grelha da informa\u00e7\u00e3o da RTP e apresentado como elemento de um novo formato de opini\u00e3o: o Estado da Arte. Contudo, s\u00f3 depois de ter sido contestado o facto de a esta\u00e7\u00e3o p\u00fablica estar a contratar quem se op\u00f5e publicamente a valores democr\u00e1ticos, violando a lei, e de terem sido mostrados conte\u00fados antigos nos quais o influenciados exibia as posi\u00e7\u00f5es supremacistas e pr\u00f3-masculinidade t\u00f3xica \u00e9 que a equipa de V\u00edtor Gon\u00e7alves, diretor de Informa\u00e7\u00e3o, confirmou que reconsiderava o convite feito a este antigo elemento do partido Chega.<\/p>\n<p data-remotead-prev-elm=\"true\" data-remotead-elm-id=\"inread\">&#8220;A Dire\u00e7\u00e3o de Informa\u00e7\u00e3o da RTP ponderou e reviu a sua posi\u00e7\u00e3o, ap\u00f3s ter tomado conhecimento de alguns coment\u00e1rios feitos no passado pelo pr\u00f3prio, que a Dire\u00e7\u00e3o de Informa\u00e7\u00e3o da RTP considera inaceit\u00e1veis e Gon\u00e7alo Sousa n\u00e3o entrou em fun\u00e7\u00f5es&#8221;, afirmou fonte oficial, citada pelo Not\u00edcias ao Minuto. O mesmo site afirma, citando fonte oficial, que &#8220;na sua atual grelha de comentadores, a RTP assegura uma diversidade de opini\u00f5es que cobrem todos os quadrantes pol\u00edticos e sociais&#8221;.<\/p>\n<p>Entre os coment\u00e1rios de Gon\u00e7alo Sousa est\u00e3o mensagens como &#8220;se \u00e9s mulher e ainda acreditas que ganhas menos do que um homem s\u00f3 por causa do teu sexo, tu n\u00e3o \u00e9s oprimida, \u00e9s burra&#8221; ou &#8220;&#8221;rapaziada, temos de parar de mandar as feministas de volta para a cozinha. A maior parte dessas gajas nem para cozinhar serve&#8221; e ainda &#8220;Se Portugal \u00e9 assim t\u00e3o racista porque \u00e9 que h\u00e1 milh\u00f5es de negros e indost\u00e2nicos a tentar c\u00e1 entrar?&#8221;<\/p>\n<p data-remotead-prev-elm=\"true\" data-remotead-elm-id=\"centro1\">O influenciados chegou apresentar-se nas suas contas de Twitter como &#8220;analista pol\u00edtico, empres\u00e1rio, comunic\u00f3logo e embaixador da masculinidade t\u00f3xica&#8221;, em 2023.<\/p>\n","protected":false},"excerpt":{"rendered":"O convite estava feito e Gon\u00e7alo Sousa at\u00e9 foi \u00e0 apresenta\u00e7\u00e3o da nova grelha da informa\u00e7\u00e3o da RTP&hellip;\n","protected":false},"author":2,"featured_media":112214,"comment_status":"","ping_status":"","sticky":false,"template":"","format":"standard","meta":{"footnotes":""},"categories":[142],"tags":[1736,20491,114,115,26499,26500,2623,32,33,420,151],"class_list":{"0":"post-112213","1":"post","2":"type-post","3":"status-publish","4":"format-standard","5":"has-post-thumbnail","7":"category-tv","8":"tag-chega","9":"tag-delas","10":"tag-entertainment","11":"tag-entretenimento","12":"tag-goncalo-sousa","13":"tag-masculinidade-toxica","14":"tag-mulheres","15":"tag-portugal","16":"tag-pt","17":"tag-rtp","18":"tag-tv"},"share_on_mastodon":{"url":"","error":""},"_links":{"self":[{"href":"https:\/\/www.europesays.com\/pt\/wp-json\/wp\/v2\/posts\/112213","targetHints":{"allow":["GET"]}}],"collection":[{"href":"https:\/\/www.europesays.com\/pt\/wp-json\/wp\/v2\/posts"}],"about":[{"href":"https:\/\/www.europesays.com\/pt\/wp-json\/wp\/v2\/types\/post"}],"author":[{"embeddable":true,"href":"https:\/\/www.europesays.com\/pt\/wp-json\/wp\/v2\/users\/2"}],"replies":[{"embeddable":true,"href":"https:\/\/www.europesays.com\/pt\/wp-json\/wp\/v2\/comments?post=112213"}],"version-history":[{"count":0,"href":"https:\/\/www.europesays.com\/pt\/wp-json\/wp\/v2\/posts\/112213\/revisions"}],"wp:featuredmedia":[{"embeddable":true,"href":"https:\/\/www.europesays.com\/pt\/wp-json\/wp\/v2\/media\/112214"}],"wp:attachment":[{"href":"https:\/\/www.europesays.com\/pt\/wp-json\/wp\/v2\/media?parent=112213"}],"wp:term":[{"taxonomy":"category","embeddable":true,"href":"https:\/\/www.europesays.com\/pt\/wp-json\/wp\/v2\/categories?post=112213"},{"taxonomy":"post_tag","embeddable":true,"href":"https:\/\/www.europesays.com\/pt\/wp-json\/wp\/v2\/tags?post=112213"}],"curies":[{"name":"wp","href":"https:\/\/api.w.org\/{rel}","templated":true}]}}