{"id":112316,"date":"2025-10-15T21:32:10","date_gmt":"2025-10-15T21:32:10","guid":{"rendered":"https:\/\/www.europesays.com\/pt\/112316\/"},"modified":"2025-10-15T21:32:10","modified_gmt":"2025-10-15T21:32:10","slug":"pela-primeira-vez-na-minha-carreira-consegui-procurar-e-contratar-jogadores-com-o-perfil-certo-para-cada-posicao-entrevista-bola-na-rede-a-cesar-peixoto","status":"publish","type":"post","link":"https:\/\/www.europesays.com\/pt\/112316\/","title":{"rendered":"\u00abPela primeira vez na minha carreira, consegui procurar e contratar jogadores com o perfil certo para cada posi\u00e7\u00e3o\u00bb \u2013 Entrevista Bola na Rede a C\u00e9sar Peixoto"},"content":{"rendered":"<p>&#8211; Advertisement &#8211;<\/p>\n<p><strong>C\u00e9sar Peixoto \u00e9 o mais recente vencedor do pr\u00e9mio de \u201cRevela\u00e7\u00e3o do M\u00eas\u201d do Bola na Rede. O treinador do Gil Vicente deu uma entrevista exclusiva ao nosso\u00a0site no momento de receber o pr\u00e9mio.<\/strong><\/p>\n<p>Vencedor do Pr\u00e9mio Revela\u00e7\u00e3o Bola na Rede relativo ao m\u00eas de<a href=\"https:\/\/bolanarede.pt\/nacional\/cesar-peixoto-vence-premio-revelacao-bola-na-rede-agosto-setembro-2025\/\" target=\"_blank\" rel=\"noreferrer noopener nofollow\"> agosto e setembro de 2025<\/a>, C\u00e9sar Peixoto deu uma entrevista ao nosso\u00a0site. O t\u00e9cnico de 45 anos destacou o inicio de temporada da equipa gilista e explicou a import\u00e2ncia do planeamento feito para esta nova \u00e9poca na Primeira Liga 2025\/26.<\/p>\n<p><strong>Bola na Rede: <strong>Antes de mais, parab\u00e9ns por esta distin\u00e7\u00e3o mister. Qual \u00e9 o sentimento por receber este pr\u00e9mio revela\u00e7\u00e3o Bola na Rede?<\/strong><\/strong><\/p>\n<p><strong>C\u00e9sar Peixoto:<\/strong> Para mim \u00e9 muito satisfat\u00f3rio. \u00c9 o primeiro pr\u00e9mio que recebo enquanto treinador e vai ser sempre o primeiro (risos). \u00c9 sinal de um trabalho bem conseguido, n\u00e3o s\u00f3 meu, mas de toda a equipa t\u00e9cnica, dos jogadores e de toda a estrutura, porque sozinho n\u00e3o consigo nada. H\u00e1 toda uma estrutura por tr\u00e1s que nos proporciona um dia a dia feliz e todas as condi\u00e7\u00f5es de trabalho. Os jogadores acreditam muito na ideia de jogo e no que n\u00f3s propomos, e depois conseguem coloc\u00e1-lo em pr\u00e1tica. A minha equipa t\u00e9cnica tamb\u00e9m \u00e9 muito importante, cada um na sua fun\u00e7\u00e3o, para que nos jogos consigamos ser competitivos, ganhar mais vezes, mas, acima de tudo, saber como ganhamos e como chegar \u00e0 vit\u00f3ria, acho que isso \u00e9 fundamental. Este pr\u00e9mio deixa-nos com um sentimento de orgulho, mas, como costumo dizer, n\u00e3o serve para nos deslumbrarmos. \u00c9 bom, sim, mas temos de continuar.<\/p>\n<p><strong>Bola na Rede: J\u00e1 desde a temporada 2013\/14 que o Gil Vicente n\u00e3o tinha um arranque t\u00e3o bom na Primeira Liga. Na altura, o mister fazia parte do plantel. O que \u00e9 que este in\u00edcio de temporada representa para si?<\/strong><\/p>\n<p><strong>C\u00e9sar Peixoto:<\/strong> Para mim, representa um bom planeamento de \u00e9poca, acho que isso \u00e9 crucial. O trabalho que tivemos, eu, o presidente e o Fl\u00e1vio, na constru\u00e7\u00e3o do plantel, foi bem elaborado. Tive poucas f\u00e9rias, mas acab\u00e1mos por ganhar muito com este in\u00edcio de \u00e9poca forte. Cri\u00e1mos um grupo coeso, o que nos mostra que estamos no caminho certo. O que temos feito tem tido um impacto positivo, seja nos resultados, seja na forma como a equipa, defensiva e ofensivamente, aborda os jogos. Pela qualidade de jogo que a equipa tem apresentado, isso tamb\u00e9m nos traz mais responsabilidade, porque, hoje em dia, e faz parte do fen\u00f3meno do futebol, as equipas olham agora para o Gil Vicente e querem-nos derrotar. Por isso, precisamos de estar cada vez mais fortes. A exig\u00eancia de estarmos em 4.\u00ba lugar \u00e9 boa, mas n\u00e3o nos pode levar a facilitar, porque h\u00e1 muitas equipas com qualidade. Estamos no in\u00edcio do campeonato e h\u00e1 quem nos queira destronar, digamos assim, mas temos de nos manter humildes e fi\u00e9is ao que acreditamos, para continuarmos a ter este desempenho, independentemente do advers\u00e1rio. Temos de impor o nosso ADN, o ADN Gil Vicente, o ADN dos jogadores que trouxemos, dos que cri\u00e1mos e a nossa forma de jogar. Seja contra Porto, Benfica ou Sporting, tem de ser sempre da mesma forma. Podemos ajustar estrategicamente, mas nunca abdicar daquilo em que acreditamos.<\/p>\n<p><img fetchpriority=\"high\" decoding=\"async\" width=\"1024\" height=\"576\" src=\"data:image\/svg+xml,%3Csvg%20xmlns=\" http:=\"\" alt=\"C\u00e9sar Peixoto Gil Vicente\" class=\"wp-image-426522 ewww_webp_lazy_load\" data-lazy- data-lazy- data-lazy-src=\"https:\/\/www.europesays.com\/pt\/wp-content\/uploads\/2025\/10\/Cesar-Peixoto-Gil-Vicente-1024x576.jpg\" data-lazy-src-webp=\"https:\/\/www.europesays.com\/pt\/wp-content\/uploads\/2025\/10\/Cesar-Peixoto-Gil-Vicente-1024x576.jpg.webp\" data-lazy-srcset-webp=\"https:\/\/www.europesays.com\/pt\/wp-content\/uploads\/2025\/10\/Cesar-Peixoto-Gil-Vicente-1024x576.jpg.webp 1024w, https:\/\/binny-bolanarede.b-cdn.net\/wp-content\/uploads\/2025\/08\/Cesar-Peixoto-Gil-Vicente-300x169.jpg.webp 300w, https:\/\/binny-bolanarede.b-cdn.net\/wp-content\/uploads\/2025\/08\/Cesar-Peixoto-Gil-Vicente-768x432.jpg.webp 768w, https:\/\/binny-bolanarede.b-cdn.net\/wp-content\/uploads\/2025\/08\/Cesar-Peixoto-Gil-Vicente-1536x864.jpg.webp 1536w, https:\/\/binny-bolanarede.b-cdn.net\/wp-content\/uploads\/2025\/08\/Cesar-Peixoto-Gil-Vicente-150x84.jpg.webp 150w, https:\/\/binny-bolanarede.b-cdn.net\/wp-content\/uploads\/2025\/08\/Cesar-Peixoto-Gil-Vicente-696x392.jpg.webp 696w, https:\/\/binny-bolanarede.b-cdn.net\/wp-content\/uploads\/2025\/08\/Cesar-Peixoto-Gil-Vicente-1068x601.jpg.webp 1068w, https:\/\/binny-bolanarede.b-cdn.net\/wp-content\/uploads\/2025\/08\/Cesar-Peixoto-Gil-Vicente.jpg.webp 1600w\"\/>Fonte: Diogo Cardoso \/ Bola na Rede<\/p>\n<p><strong>Bola na Rede: No ano passado, o mister chegou j\u00e1 perto do final da temporada e o Gil Vicente acabou por garantir o objetivo da manuten\u00e7\u00e3o. Desta vez, teve a oportunidade de come\u00e7ar a pr\u00e9-\u00e9poca e delinear os objetivos com mais tempo. Nota-se que a equipa est\u00e1 bem trabalhada, n\u00e3o s\u00f3 pelos resultados, mas tamb\u00e9m pela forma como os jogadores se encaixam na din\u00e2mica que quis implementar. Qu\u00e3o importante foi come\u00e7ar a pr\u00e9-temporada e o que sente que mudou desses \u00faltimos meses da \u00e9poca passada para este arranque?<\/strong><\/p>\n<p><strong>C\u00e9sar Peixoto:<\/strong> O ano passado cheguei c\u00e1 numa fase muito complicada. Tivemos tempo para conseguir o objetivo da manuten\u00e7\u00e3o, que era o mais importante, mas tamb\u00e9m para perceber melhor o clube por dentro. Eu, obviamente, j\u00e1 o conhecia enquanto jogador, mas, passados muitos anos, regressei e foi importante perceber o que precis\u00e1vamos de melhorar em termos de clube, de infraestruturas, de criar departamentos que n\u00e3o existiam. Isso deu-nos tamb\u00e9m a oportunidade de conhecer o plantel a fundo, perceber quais os jogadores que quer\u00edamos manter para a \u00e9poca seguinte e quais teriam de sair. Permitiu-nos perceber o que era necess\u00e1rio mudar em termos de ADN, de mentalidade dos jogadores, da equipa e do pr\u00f3prio clube. E deu-nos a possibilidade de construir um plantel mais de acordo com aquilo que quer\u00edamos para o Gil Vicente do futuro. Depois, na transi\u00e7\u00e3o de \u00e9poca e no mercado, pela primeira vez na minha carreira, consegui, dentro das limita\u00e7\u00f5es or\u00e7amentais do clube, procurar e contratar jogadores com o perfil certo para cada posi\u00e7\u00e3o, dentro da minha ideia de jogo. E acho que isso faz toda a diferen\u00e7a para que as coisas se encaixem de melhor forma. O plantel foi constru\u00eddo por mim, pelo Fl\u00e1vio e pelo presidente. N\u00e3o ficou nem veio nenhum jogador sem passar pelo nosso crivo de escolha, sempre em fun\u00e7\u00e3o da nossa ideia de jogo. As caracter\u00edsticas de cada jogador s\u00e3o muito importantes para que possamos passar essa ideia e para que eles a entendam e acho que isso foi bem conseguido. S\u00e3o s\u00f3 oito jornadas, temos de continuar humildes e a trabalhar, mas, pela primeira vez na minha carreira, senti que tive muita influ\u00eancia na constru\u00e7\u00e3o do plantel. Como conhe\u00e7o a minha ideia de jogo como ningu\u00e9m, consegui, com muito trabalho e muitas horas nas f\u00e9rias a ver jogadores, encontrar atletas com o perfil certo para cada posi\u00e7\u00e3o: f\u00edsica, mental, t\u00e1tica e tecnicamente. O objetivo era sermos uma equipa com e sem bola muito intensa, agressiva, com alma, com organiza\u00e7\u00e3o, e, com bola, termos a qualidade de jogo que temos mostrado, que tem sido boa e ainda pode melhorar. Mas sim, faz toda a diferen\u00e7a conseguir montar uma equipa mais \u00e0 minha imagem. Felizmente, isso traduz-se em resultados. \u00c0s vezes as coisas podem n\u00e3o correr bem, mas acho que se v\u00ea um caminho, uma ideia bem vincada. N\u00e3o vamos ganhar todos os jogos, mas vamos jogar todos com a nossa ideia vincada e isso deixa-me muito feliz.<\/p>\n<p><img loading=\"lazy\" decoding=\"async\" width=\"1024\" height=\"576\" src=\"data:image\/svg+xml,%3Csvg%20xmlns=\" http:=\"\" alt=\"Ces\u00e1r Peixoto Gil Vicente\" class=\"wp-image-438237 ewww_webp_lazy_load\" data-lazy- data-lazy- data-lazy-src=\"https:\/\/www.europesays.com\/pt\/wp-content\/uploads\/2025\/10\/1760563929_456_Cesar-Peixoto-Gil-Vicente-1024x576.jpg\" data-lazy-src-webp=\"https:\/\/www.europesays.com\/pt\/wp-content\/uploads\/2025\/10\/1760563929_456_Cesar-Peixoto-Gil-Vicente-1024x576.jpg.webp\" data-lazy-srcset-webp=\"https:\/\/www.europesays.com\/pt\/wp-content\/uploads\/2025\/10\/1760563929_456_Cesar-Peixoto-Gil-Vicente-1024x576.jpg.webp 1024w, https:\/\/binny-bolanarede.b-cdn.net\/wp-content\/uploads\/2025\/09\/Cesar-Peixoto-Gil-Vicente-300x169.jpg.webp 300w, https:\/\/binny-bolanarede.b-cdn.net\/wp-content\/uploads\/2025\/09\/Cesar-Peixoto-Gil-Vicente-768x432.jpg.webp 768w, https:\/\/binny-bolanarede.b-cdn.net\/wp-content\/uploads\/2025\/09\/Cesar-Peixoto-Gil-Vicente-1536x864.jpg.webp 1536w, https:\/\/binny-bolanarede.b-cdn.net\/wp-content\/uploads\/2025\/09\/Cesar-Peixoto-Gil-Vicente-150x84.jpg.webp 150w, https:\/\/binny-bolanarede.b-cdn.net\/wp-content\/uploads\/2025\/09\/Cesar-Peixoto-Gil-Vicente-696x391.jpg.webp 696w, https:\/\/binny-bolanarede.b-cdn.net\/wp-content\/uploads\/2025\/09\/Cesar-Peixoto-Gil-Vicente-1068x601.jpg.webp 1068w, https:\/\/binny-bolanarede.b-cdn.net\/wp-content\/uploads\/2025\/09\/Cesar-Peixoto-Gil-Vicente.jpg.webp 1750w\"\/>Fonte: Carlos Silva \/ Bola na Rede<\/p>\n<p><strong>Bola na Rede: O Gil Vicente tem-se destacado pela solidez defensiva. Como \u00e9 que explica essa consist\u00eancia que a equipa vem demonstrando?<\/strong><\/p>\n<p><strong>C\u00e9sar Peixoto:<\/strong> Primeiro, \u00e9 a organiza\u00e7\u00e3o. Todos os jogadores, com ou sem bola, neste caso, sem bola, sabem o que t\u00eam de fazer. Depois, tem muito a ver com as caracter\u00edsticas dos jogadores que fomos buscar: jogadores r\u00e1pidos, agressivos, fortes nos duelos, principalmente atr\u00e1s, porque queremos jogar com as linhas subidas e pressionar alto. Para isso, precisamos de jogadores defensivos com velocidade e essa agressividade nos duelos, que n\u00e3o tenham medo de arriscar e de subir, para depois controlar a profundidade que as equipas advers\u00e1rias possam explorar. E depois, \u00e9 a humildade. O que vejo e sinto \u00e9 que os jogadores se divertem com bola, mas tamb\u00e9m se divertem a pressionar. Todos juntos conseguem ser fortes nesse momento, recuperam muitas bolas altas e percebem que, dessa forma, correm muito menos se reagirem forte \u00e0 perda da bola, se tiverem uma transi\u00e7\u00e3o defensiva muito forte. S\u00e3o muito organizados, intensos, agressivos, ganhadores dos duelos, acho que isso tem a ver com a organiza\u00e7\u00e3o, a intensidade, a agressividade e a humildade de, quando n\u00e3o temos bola, sabermos que temos de correr todos juntos e organizados, para sermos uma equipa muito compacta. Se repararem, o ponta de lan\u00e7a e o m\u00e9dio mais ofensivo s\u00e3o os primeiros dois homens a defender. Correm muito. Depois v\u00eam os extremos, os m\u00e9dios e, s\u00f3 no fim, a linha defensiva. At\u00e9 costumo dizer que eles v\u00eam a \u201ccambalear\u201d (risos) e depois a linha defensiva acaba por fazer o resto do trabalho. \u00c9 nisto que acreditamos. Agora, esperamos dar continuidade a isto. Com certeza vamos sofrer golos, espero que n\u00e3o, mas isso vai acontecer de certeza. Mas n\u00e3o \u00e9 por isso que vamos deixar de acreditar, nem de pensar que somos uma equipa bem organizada.<\/p>\n<p><strong>Bola na Rede: V\u00e1rias equipas da Primeira Liga t\u00eam utilizado uma organiza\u00e7\u00e3o defensiva semelhante \u00e0 que o Gil Vicente tem adotado na sua ideia de jogo. Como olha para o facto da sua equipa servir de refer\u00eancia e de que forma isso valoriza o trabalho que tem vindo a ser feito?<\/strong><\/p>\n<p><strong>C\u00e9sar Peixoto:<\/strong> Da mesma forma que os outros treinadores olham para a nossa equipa, n\u00f3s tamb\u00e9m olhamos para as outras. Tamb\u00e9m analisamos ao pormenor os nossos advers\u00e1rios. Eu vejo muito futebol, seja Primeira Liga, Segunda Liga, Liga 3 e futebol internacional. N\u00f3s, treinadores, somos um bocadinho ladr\u00f5es de ideias tamb\u00e9m. Agora, eu tenho a minha ideia de jogo muito bem vincada, \u00e9 aquilo em que acredito. E quando vejo alguma coisa parecida, fico mais atento, para perceber se \u00e9 realmente igual, se funciona ou n\u00e3o funciona. \u00c9 sempre um motivo de orgulho, \u00e9 sinal de que estamos a fazer bem as coisas. Claro que cada treinador tem a sua ideia, a sua forma de trabalhar, a sua organiza\u00e7\u00e3o defensiva e ofensiva. Eu acredito nesta, e temos tido sucesso. J\u00e1 no ano passado, no Moreirense, era desta forma. Este ano, as caracter\u00edsticas dos jogadores individualmente potenciam ainda mais o que n\u00f3s fazemos e est\u00e1 mais \u00e0 vista em compara\u00e7\u00e3o \u00e0 temporada passada. No geral, o facto de outros treinadores olharem para o que n\u00f3s fazemos, para o facto de sofrermos poucos golos e sermos uma equipa compacta, e irem adaptando estrategicamente em fun\u00e7\u00e3o dos advers\u00e1rios \u00e9 bom sinal. Acima de tudo, \u00e9 bom ver que somos analisados e seguidos tamb\u00e9m.<\/p>\n<p><strong>Bola na Rede: Tem algum objetivo delineado para o que resta da temporada que possa partilhar?<\/strong><\/p>\n<p><strong>C\u00e9sar Peixoto: <\/strong>Eu quero continuar desta forma, com esta ideia, seja defensiva ou ofensiva, bem vincada: uma equipa corajosa, que valoriza o espet\u00e1culo, que n\u00e3o d\u00e1 uma bola nem um jogo por perdido. Se est\u00e1 0-0, quer fazer 1-0; se est\u00e1 1-0, quer fazer 2-0. N\u00e3o se fecha. Estrategicamente, \u00e0s vezes, quando jogamos contra clubes grandes, eles empurram-nos para tr\u00e1s, mas conseguimos ter sempre um ADN de olhar olhos nos olhos e lutar pelos tr\u00eas pontos, seja onde for e acho que isso \u00e9 crucial para o sucesso. Colocar metas ainda me parece muito prematuro e n\u00e3o faz muito sentido. O principal objetivo do clube \u00e9 sempre a manuten\u00e7\u00e3o, e ter\u00e1 de continuar a ser assim. Agora, eu costumo dizer que cada jogo \u00e9 uma hist\u00f3ria diferente, e tento envolver muito a equipa e os jogadores nisso. O nosso objetivo \u00e9, a cada semana, criar uma hist\u00f3ria, sermos melhores e competitivos em cada jogo, e, no final, fazemos as contas.<\/p>\n<p><strong>Bola na Rede:<\/strong> Mister, muito obrigado.<\/p>\n<p><strong>C\u00e9sar Peixoto:<\/strong> Obrigado eu.<\/p>\n<p><img loading=\"lazy\" decoding=\"async\" width=\"1024\" height=\"576\" src=\"data:image\/svg+xml,%3Csvg%20xmlns=\" http:=\"\" alt=\"\" class=\"wp-image-444089 ewww_webp_lazy_load\" data-lazy- data-lazy- data-lazy-src=\"https:\/\/www.europesays.com\/pt\/wp-content\/uploads\/2025\/10\/premio-Cesar-Peixoto-13-1024x576.jpg\" data-lazy-src-webp=\"https:\/\/www.europesays.com\/pt\/wp-content\/uploads\/2025\/10\/premio-Cesar-Peixoto-13-1024x576.jpg.webp\" data-lazy-srcset-webp=\"https:\/\/www.europesays.com\/pt\/wp-content\/uploads\/2025\/10\/premio-Cesar-Peixoto-13-1024x576.jpg.webp 1024w, https:\/\/binny-bolanarede.b-cdn.net\/wp-content\/uploads\/2025\/10\/premio-Cesar-Peixoto-13-300x169.jpg.webp 300w, https:\/\/binny-bolanarede.b-cdn.net\/wp-content\/uploads\/2025\/10\/premio-Cesar-Peixoto-13-768x432.jpg.webp 768w, https:\/\/binny-bolanarede.b-cdn.net\/wp-content\/uploads\/2025\/10\/premio-Cesar-Peixoto-13-1536x864.jpg.webp 1536w, https:\/\/binny-bolanarede.b-cdn.net\/wp-content\/uploads\/2025\/10\/premio-Cesar-Peixoto-13-150x84.jpg.webp 150w, https:\/\/binny-bolanarede.b-cdn.net\/wp-content\/uploads\/2025\/10\/premio-Cesar-Peixoto-13-696x392.jpg.webp 696w, https:\/\/binny-bolanarede.b-cdn.net\/wp-content\/uploads\/2025\/10\/premio-Cesar-Peixoto-13-1068x601.jpg.webp 1068w, https:\/\/binny-bolanarede.b-cdn.net\/wp-content\/uploads\/2025\/10\/premio-Cesar-Peixoto-13.jpg.webp 1920w\"\/><\/p>\n","protected":false},"excerpt":{"rendered":"&#8211; Advertisement &#8211; C\u00e9sar Peixoto \u00e9 o mais recente vencedor do pr\u00e9mio de \u201cRevela\u00e7\u00e3o do M\u00eas\u201d do Bola&hellip;\n","protected":false},"author":2,"featured_media":112317,"comment_status":"","ping_status":"","sticky":false,"template":"","format":"standard","meta":{"footnotes":""},"categories":[87],"tags":[10855,135,478,26511,9112,32,479,33,134],"class_list":{"0":"post-112316","1":"post","2":"type-post","3":"status-publish","4":"format-standard","5":"has-post-thumbnail","7":"category-desporto","8":"tag-cesar-peixoto","9":"tag-desporto","10":"tag-destaques-bnr","11":"tag-entrevista-bnr","12":"tag-gil-vicente","13":"tag-portugal","14":"tag-primeira-liga","15":"tag-pt","16":"tag-sports"},"share_on_mastodon":{"url":"","error":""},"_links":{"self":[{"href":"https:\/\/www.europesays.com\/pt\/wp-json\/wp\/v2\/posts\/112316","targetHints":{"allow":["GET"]}}],"collection":[{"href":"https:\/\/www.europesays.com\/pt\/wp-json\/wp\/v2\/posts"}],"about":[{"href":"https:\/\/www.europesays.com\/pt\/wp-json\/wp\/v2\/types\/post"}],"author":[{"embeddable":true,"href":"https:\/\/www.europesays.com\/pt\/wp-json\/wp\/v2\/users\/2"}],"replies":[{"embeddable":true,"href":"https:\/\/www.europesays.com\/pt\/wp-json\/wp\/v2\/comments?post=112316"}],"version-history":[{"count":0,"href":"https:\/\/www.europesays.com\/pt\/wp-json\/wp\/v2\/posts\/112316\/revisions"}],"wp:featuredmedia":[{"embeddable":true,"href":"https:\/\/www.europesays.com\/pt\/wp-json\/wp\/v2\/media\/112317"}],"wp:attachment":[{"href":"https:\/\/www.europesays.com\/pt\/wp-json\/wp\/v2\/media?parent=112316"}],"wp:term":[{"taxonomy":"category","embeddable":true,"href":"https:\/\/www.europesays.com\/pt\/wp-json\/wp\/v2\/categories?post=112316"},{"taxonomy":"post_tag","embeddable":true,"href":"https:\/\/www.europesays.com\/pt\/wp-json\/wp\/v2\/tags?post=112316"}],"curies":[{"name":"wp","href":"https:\/\/api.w.org\/{rel}","templated":true}]}}