{"id":112324,"date":"2025-10-15T21:38:04","date_gmt":"2025-10-15T21:38:04","guid":{"rendered":"https:\/\/www.europesays.com\/pt\/112324\/"},"modified":"2025-10-15T21:38:04","modified_gmt":"2025-10-15T21:38:04","slug":"suspeito-de-morte-de-turista-americano-em-cascais","status":"publish","type":"post","link":"https:\/\/www.europesays.com\/pt\/112324\/","title":{"rendered":"Suspeito de Morte de Turista Americano em Cascais"},"content":{"rendered":"<p>A Pol\u00edcia Judici\u00e1ria deteve o suspeito da morte do turista norte-americano que foi encontrado na madrugada desta quarta-feira (15 de outubro) esfaqueado e j\u00e1 sem vida em Cascais, na Rua Afonso Sanches.<\/p>\n<p>Ao que o DN apurou, o detido \u00e9 um cidad\u00e3o portugu\u00eas sem antecedentes criminais e que trabalhava num estabelecimento de divers\u00e3o noturno perto do local do crime.<\/p>\n<p>O suspeito, um homem de 23 anos, est\u00e1 fortemente indiciado da pr\u00e1tica de dois crimes de homic\u00eddio, um na forma consumada e outro na forma tentada, ambos praticados com uso de arma branca, tendo vitimado dois turistas de nacionalidade norte-americana, com idades de 35 e 33 anos, sendo que o segundo acabou por morrer.<\/p>\n<p><strong>&#8220;Os factos ocorreram no contexto de uma alterca\u00e7\u00e3o que se gerou por motivos aparentemente f\u00fateis, entre o agressor e as duas v\u00edtimas, inicialmente apenas de forma verbal e depois com agress\u00f5es f\u00edsicas, que motivaram o arguido agora localizado e detido a fazer uso de uma arma branca que mantinha guardada no interior do ve\u00edculo autom\u00f3vel que utilizava, para atingir com gravidade as duas v\u00edtimas&#8221;<\/strong>, explica a PJ num comunicado enviado \u00e0s reda\u00e7\u00f5es.<\/p>\n","protected":false},"excerpt":{"rendered":"A Pol\u00edcia Judici\u00e1ria deteve o suspeito da morte do turista norte-americano que foi encontrado na madrugada desta quarta-feira&hellip;\n","protected":false},"author":2,"featured_media":81631,"comment_status":"","ping_status":"","sticky":false,"template":"","format":"standard","meta":{"footnotes":""},"categories":[10],"tags":[27,28,4644,15,16,14,25,26,21,22,12,13,19,20,32,23,24,33,17,18,29,30,31],"class_list":{"0":"post-112324","1":"post","2":"type-post","3":"status-publish","4":"format-standard","5":"has-post-thumbnail","7":"category-portugal","8":"tag-breaking-news","9":"tag-breakingnews","10":"tag-cascais","11":"tag-featured-news","12":"tag-featurednews","13":"tag-headlines","14":"tag-latest-news","15":"tag-latestnews","16":"tag-main-news","17":"tag-mainnews","18":"tag-news","19":"tag-noticias","20":"tag-noticias-principais","21":"tag-noticiasprincipais","22":"tag-portugal","23":"tag-principais-noticias","24":"tag-principaisnoticias","25":"tag-pt","26":"tag-top-stories","27":"tag-topstories","28":"tag-ultimas","29":"tag-ultimas-noticias","30":"tag-ultimasnoticias"},"share_on_mastodon":{"url":"","error":""},"_links":{"self":[{"href":"https:\/\/www.europesays.com\/pt\/wp-json\/wp\/v2\/posts\/112324","targetHints":{"allow":["GET"]}}],"collection":[{"href":"https:\/\/www.europesays.com\/pt\/wp-json\/wp\/v2\/posts"}],"about":[{"href":"https:\/\/www.europesays.com\/pt\/wp-json\/wp\/v2\/types\/post"}],"author":[{"embeddable":true,"href":"https:\/\/www.europesays.com\/pt\/wp-json\/wp\/v2\/users\/2"}],"replies":[{"embeddable":true,"href":"https:\/\/www.europesays.com\/pt\/wp-json\/wp\/v2\/comments?post=112324"}],"version-history":[{"count":0,"href":"https:\/\/www.europesays.com\/pt\/wp-json\/wp\/v2\/posts\/112324\/revisions"}],"wp:featuredmedia":[{"embeddable":true,"href":"https:\/\/www.europesays.com\/pt\/wp-json\/wp\/v2\/media\/81631"}],"wp:attachment":[{"href":"https:\/\/www.europesays.com\/pt\/wp-json\/wp\/v2\/media?parent=112324"}],"wp:term":[{"taxonomy":"category","embeddable":true,"href":"https:\/\/www.europesays.com\/pt\/wp-json\/wp\/v2\/categories?post=112324"},{"taxonomy":"post_tag","embeddable":true,"href":"https:\/\/www.europesays.com\/pt\/wp-json\/wp\/v2\/tags?post=112324"}],"curies":[{"name":"wp","href":"https:\/\/api.w.org\/{rel}","templated":true}]}}