{"id":112330,"date":"2025-10-15T21:47:13","date_gmt":"2025-10-15T21:47:13","guid":{"rendered":"https:\/\/www.europesays.com\/pt\/112330\/"},"modified":"2025-10-15T21:47:13","modified_gmt":"2025-10-15T21:47:13","slug":"benfica-lista-de-vieira-com-candidatos-que-nem-sequer-podem-votar","status":"publish","type":"post","link":"https:\/\/www.europesays.com\/pt\/112330\/","title":{"rendered":"Benfica: lista de Vieira com candidatos que nem sequer podem votar"},"content":{"rendered":"<p style=\"margin-bottom:11px\">A lista de Lu\u00eds Filipe Vieira para o Conselho Fiscal est\u00e1 a ser contestada por uma franja de adeptos do Benfica nas redes sociais, porque cinco dos nomes escolhidos s\u00e3o s\u00f3cios h\u00e1 menos de um ano e, por isso, est\u00e3o impedidos de votar nas elei\u00e7\u00f5es do pr\u00f3ximo dia 25.<\/p>\n<p>\u00c0 exce\u00e7\u00e3o de Jo\u00e3o Paulo da Silva Pratas (s\u00f3cio n.\u00ba 7.453), indicado para presidente do Conselho Fiscal pela Lista E, os restantes elementos que concorrem a esse \u00f3rg\u00e3o tornaram-se s\u00f3cios efetivos recentemente. O candidato a vice-presidente \u00e9 Jo\u00e3o Pedro de Arag\u00e3o Cardoso Nava, com o n\u00famero 417.751. J\u00e1 os vogais, s\u00e3o Jos\u00e9 Augusto Rodrigues de Castro Ambr\u00f3sio (s\u00f3cio n.\u00ba 419.611), Sofia Monge da Silva Cardoso (s\u00f3cia n.\u00ba 419.253) e C\u00e9lia Maria Pedro Cust\u00f3dio (s\u00f3cia n.\u00ba 419.321).<\/p>\n<p>Al\u00e9m destes, tamb\u00e9m Jos\u00e9 Fernandes Malta (s\u00f3cio n.\u00ba 391.073), um dos candidatos a vice-presidente na dire\u00e7\u00e3o de Vieira, tem menos de um ano enquanto associado efetivo.<\/p>\n<p>Recorde-se que, ao abrigo dos novos estatutos do clube da Luz, \u00e9 exigido que os s\u00f3cios tenham, no m\u00ednimo, 15 anos de s\u00f3cio efetivo e 35 anos de idade para se candidatarem \u00e0 presid\u00eancia da Dire\u00e7\u00e3o e dos \u00d3rg\u00e3os Sociais. No entanto, tal n\u00e3o se aplica aos restantes membros, da\u00ed a equipa de Vieira ter sido aceite pela Mesa da Assembleia-Geral dos encarnados.<\/p>\n<p>Bruno Batista, candidato a vice-presidente da dire\u00e7\u00e3o, justificou \u00e0 TSF que os colegas em causa, \u00abquando foram pagar as quotas todas de uma vez, n\u00e3o conseguiram recuperar o n\u00famero antigo porque demora algum tempo\u00bb.<\/p>\n<p>Refira-se ainda que tamb\u00e9m Crist\u00f3v\u00e3o Carvalho tem um vice-presidente que n\u00e3o pode votar.\u00a0Jo\u00e3o Alexandre Ant\u00f3nio Guerreiro (s\u00f3cio n.\u00ba 408.787) \u00e9 candidato da Lista D a vice-presidente da dire\u00e7\u00e3o.<\/p>\n","protected":false},"excerpt":{"rendered":"A lista de Lu\u00eds Filipe Vieira para o Conselho Fiscal est\u00e1 a ser contestada por uma franja de&hellip;\n","protected":false},"author":2,"featured_media":37227,"comment_status":"","ping_status":"","sticky":false,"template":"","format":"standard","meta":{"footnotes":""},"categories":[87],"tags":[51,26512,135,2258,11568,5049,46,32,33,47,134,5211],"class_list":{"0":"post-112330","1":"post","2":"type-post","3":"status-publish","4":"format-standard","5":"has-post-thumbnail","7":"category-desporto","8":"tag-benfica","9":"tag-conselho-fiscal","10":"tag-desporto","11":"tag-eleicoes","12":"tag-eleicoes-benfica","13":"tag-luis-filipe-vieira","14":"tag-maisfutebol","15":"tag-portugal","16":"tag-pt","17":"tag-pura-paixao","18":"tag-sports","19":"tag-vieira"},"share_on_mastodon":{"url":"","error":""},"_links":{"self":[{"href":"https:\/\/www.europesays.com\/pt\/wp-json\/wp\/v2\/posts\/112330","targetHints":{"allow":["GET"]}}],"collection":[{"href":"https:\/\/www.europesays.com\/pt\/wp-json\/wp\/v2\/posts"}],"about":[{"href":"https:\/\/www.europesays.com\/pt\/wp-json\/wp\/v2\/types\/post"}],"author":[{"embeddable":true,"href":"https:\/\/www.europesays.com\/pt\/wp-json\/wp\/v2\/users\/2"}],"replies":[{"embeddable":true,"href":"https:\/\/www.europesays.com\/pt\/wp-json\/wp\/v2\/comments?post=112330"}],"version-history":[{"count":0,"href":"https:\/\/www.europesays.com\/pt\/wp-json\/wp\/v2\/posts\/112330\/revisions"}],"wp:featuredmedia":[{"embeddable":true,"href":"https:\/\/www.europesays.com\/pt\/wp-json\/wp\/v2\/media\/37227"}],"wp:attachment":[{"href":"https:\/\/www.europesays.com\/pt\/wp-json\/wp\/v2\/media?parent=112330"}],"wp:term":[{"taxonomy":"category","embeddable":true,"href":"https:\/\/www.europesays.com\/pt\/wp-json\/wp\/v2\/categories?post=112330"},{"taxonomy":"post_tag","embeddable":true,"href":"https:\/\/www.europesays.com\/pt\/wp-json\/wp\/v2\/tags?post=112330"}],"curies":[{"name":"wp","href":"https:\/\/api.w.org\/{rel}","templated":true}]}}