{"id":112364,"date":"2025-10-15T22:24:40","date_gmt":"2025-10-15T22:24:40","guid":{"rendered":"https:\/\/www.europesays.com\/pt\/112364\/"},"modified":"2025-10-15T22:24:40","modified_gmt":"2025-10-15T22:24:40","slug":"sines-vai-receber-12-mil-chips-de-inteligencia-artificial-da-nvidia","status":"publish","type":"post","link":"https:\/\/www.europesays.com\/pt\/112364\/","title":{"rendered":"Sines vai receber 12 mil chips de intelig\u00eancia artificial da NVIDIA"},"content":{"rendered":"<p>Sines est\u00e1 a consolidar-se como um dos mais importantes polos tecnol\u00f3gicos e energ\u00e9ticos da Europa. A mais recente novidade \u00e9 a encomenda de cerca de 12.600 chips de intelig\u00eancia artificial (IA) da NVIDIA para o megacentro de dados da Start Campus.<\/p>\n<p><a target=\"_blank\" href=\"https:\/\/pplware.sapo.pt\/wp-content\/uploads\/2024\/05\/inteligencia_artificial_ia-1.jpg\" onclick=\"refreshIframe()\" class=\"foobox\" rel=\"nofollow noopener\"><img fetchpriority=\"high\" decoding=\"async\" src=\"https:\/\/www.europesays.com\/pt\/wp-content\/uploads\/2025\/10\/inteligencia_artificial_ia-1-720x405.jpg\" alt=\"Sines vai receber 12 mil chips de intelig\u00eancia artificial da NVIDIA\" width=\"720\" height=\"405\" class=\"aligncenter wp-image-992167 size-medium\"  \/><\/a><\/p>\n<p>Start Campus est\u00e1 localizado em Sines e quer ser o portal de IA para a Europa<\/p>\n<p>A entrega destes semicondutores, do modelo Blackwell Ultra GB300, de \u00faltima gera\u00e7\u00e3o, est\u00e1 prevista para o primeiro trimestre de 2026. Estes chips ir\u00e3o alimentar a capacidade de processamento do datacenter de Sines, apoiando empresas como a Microsoft e outros operadores internacionais que pretendem desenvolver solu\u00e7\u00f5es de IA de grande escala no territ\u00f3rio portugu\u00eas.<\/p>\n<p>O Start Campus, localizado na Zona Industrial e Log\u00edstica de Sines (ZILS), tem como objetivo tornar-se um portal de IA para a Europa, aproveitando a sua liga\u00e7\u00e3o direta a cabos submarinos internacionais, como o EllaLink, que conecta Portugal ao Brasil e \u00e0 Am\u00e9rica Latina.<\/p>\n<p><a target=\"_blank\" href=\"https:\/\/pplware.sapo.pt\/wp-content\/uploads\/2025\/10\/sines_00-1.jpg\" onclick=\"refreshIframe()\" class=\"foobox\" rel=\"nofollow noopener\"><img loading=\"lazy\" decoding=\"async\" src=\"https:\/\/www.europesays.com\/pt\/wp-content\/uploads\/2025\/10\/sines_00-1-720x405.jpg\" alt=\"\" width=\"720\" height=\"405\" class=\"aligncenter size-medium wp-image-1083405\"  \/><\/a><\/p>\n<p>O primeiro edif\u00edcio do complexo, o SIN01, j\u00e1 est\u00e1 conclu\u00eddo e disp\u00f5e de 26 megawatts de capacidade, estando em prepara\u00e7\u00e3o o SIN02, que ampliar\u00e1 significativamente o poder de computa\u00e7\u00e3o dispon\u00edvel.<\/p>\n<p>Paralelamente, est\u00e1 em estudo a cria\u00e7\u00e3o de uma gigaf\u00e1brica de IA em Sines, liderada pelo Banco Portugu\u00eas de Fomento. O plano prev\u00ea a instala\u00e7\u00e3o de cerca de 100.000 GPUs, num investimento estimado em 4 mil milh\u00f5es de euros e com a cria\u00e7\u00e3o de 270 postos de trabalho diretos.<\/p>\n","protected":false},"excerpt":{"rendered":"Sines est\u00e1 a consolidar-se como um dos mais importantes polos tecnol\u00f3gicos e energ\u00e9ticos da Europa. A mais recente&hellip;\n","protected":false},"author":2,"featured_media":112365,"comment_status":"","ping_status":"","sticky":false,"template":"","format":"standard","meta":{"footnotes":""},"categories":[83],"tags":[88,89,90,414,415,32,33,6746],"class_list":{"0":"post-112364","1":"post","2":"type-post","3":"status-publish","4":"format-standard","5":"has-post-thumbnail","7":"category-empresas","8":"tag-business","9":"tag-economy","10":"tag-empresas","11":"tag-ia","12":"tag-nvidia","13":"tag-portugal","14":"tag-pt","15":"tag-sines"},"share_on_mastodon":{"url":"","error":""},"_links":{"self":[{"href":"https:\/\/www.europesays.com\/pt\/wp-json\/wp\/v2\/posts\/112364","targetHints":{"allow":["GET"]}}],"collection":[{"href":"https:\/\/www.europesays.com\/pt\/wp-json\/wp\/v2\/posts"}],"about":[{"href":"https:\/\/www.europesays.com\/pt\/wp-json\/wp\/v2\/types\/post"}],"author":[{"embeddable":true,"href":"https:\/\/www.europesays.com\/pt\/wp-json\/wp\/v2\/users\/2"}],"replies":[{"embeddable":true,"href":"https:\/\/www.europesays.com\/pt\/wp-json\/wp\/v2\/comments?post=112364"}],"version-history":[{"count":0,"href":"https:\/\/www.europesays.com\/pt\/wp-json\/wp\/v2\/posts\/112364\/revisions"}],"wp:featuredmedia":[{"embeddable":true,"href":"https:\/\/www.europesays.com\/pt\/wp-json\/wp\/v2\/media\/112365"}],"wp:attachment":[{"href":"https:\/\/www.europesays.com\/pt\/wp-json\/wp\/v2\/media?parent=112364"}],"wp:term":[{"taxonomy":"category","embeddable":true,"href":"https:\/\/www.europesays.com\/pt\/wp-json\/wp\/v2\/categories?post=112364"},{"taxonomy":"post_tag","embeddable":true,"href":"https:\/\/www.europesays.com\/pt\/wp-json\/wp\/v2\/tags?post=112364"}],"curies":[{"name":"wp","href":"https:\/\/api.w.org\/{rel}","templated":true}]}}