{"id":112410,"date":"2025-10-15T23:10:08","date_gmt":"2025-10-15T23:10:08","guid":{"rendered":"https:\/\/www.europesays.com\/pt\/112410\/"},"modified":"2025-10-15T23:10:08","modified_gmt":"2025-10-15T23:10:08","slug":"o-que-significa-acordar-varias-vezes-durante-a-madrugada-segundo-a-psicologia-2","status":"publish","type":"post","link":"https:\/\/www.europesays.com\/pt\/112410\/","title":{"rendered":"O que significa acordar v\u00e1rias vezes durante a madrugada, segundo a psicologia"},"content":{"rendered":"<p>\n\t\t\t\t\t\tSegundo um estudo publicado na revista Health Data Science, a m\u00e1 qualidade do sono pode estar relacionada a at\u00e9 172 doen\u00e7as diferentes \/ Freepik\n\t\t\t\t\t<\/p>\n<p>O <a href=\"https:\/\/www.diariodolitoral.com.br\/tags\/sono\/\" rel=\"nofollow noopener\" target=\"_blank\">sono<\/a> \u00e9 um dos momentos mais importantes para repor energias, consolidar mem\u00f3rias, regular horm\u00f4nios e fortalecer o sistema imunol\u00f3gico. Por isso, quando ele \u00e9 atrapalhado v\u00e1rias vezes, pode prejudicar a <a href=\"https:\/\/www.diariodolitoral.com.br\/tags\/saude\/\" rel=\"nofollow noopener\" target=\"_blank\">sa\u00fade<\/a> geral do corpo e da mente.<\/p>\n<p><strong>Fa\u00e7a parte do grupo do Di\u00e1rio no <\/strong><a href=\"https:\/\/bit.ly\/CanalDiarioDoLitoral\" target=\"_blank\" rel=\"nofollow noopener\">WhatsApp<\/a> <strong>e<\/strong> <a href=\"https:\/\/t.me\/diariodolitoral\" target=\"_blank\" rel=\"nofollow\">Telegram<\/a><strong>.<br \/>Mantenha-se bem informado.<\/strong><\/p>\n<p>Embora um despertar ocasional durante a noite n\u00e3o seja motivo de preocupa\u00e7\u00e3o, \u00e9 preciso estar atento \u00e0 dificuldade para voltar a dormir e \u00e0 quantidade de vezes que isso acontece.\n\t\t\t<\/p>\n<p class=\"texto-continue listagem-detalhe\">Continua depois da publicidade<\/p>\n<p><img decoding=\"async\" src=\"https:\/\/www.diariodolitoral.com.br\/application\/themes\/diariodolitoral.com.br\/images\/icone_arrow_2.svg\" loading=\"lazy\" alt=\"Anterior\" class=\"seta-galeria\"\/><img decoding=\"async\" src=\"https:\/\/www.diariodolitoral.com.br\/application\/themes\/diariodolitoral.com.br\/images\/icone_arrow_1.svg\" loading=\"lazy\" alt=\"Pr\u00f3xima\" class=\"seta-galeria\"\/><\/p>\n<p>Causas do problema<\/p>\n<p>Segundo especialistas da Cl\u00ednica Mayo, nos Estados Unidos, acordar v\u00e1rias vezes durante a noite e ter problemas para pegar no <a href=\"https:\/\/www.diariodolitoral.com.br\/tags\/sono\/\" rel=\"nofollow noopener\" target=\"_blank\">sono<\/a> \u00e9 classificado como ins\u00f4nia.<\/p>\n<p>Entre as causas mais comuns est\u00e3o fatores psicol\u00f3gicos, como estresse, ansiedade e, em casos cr\u00f4nicos, a depress\u00e3o.\u00a0\n\t\t\t<\/p>\n<p class=\"texto-continue listagem-detalhe\">Continua depois da publicidade<\/p>\n<p>Mas problemas f\u00edsicos tamb\u00e9m podem contribuir para a ins\u00f4nia, incluindo apneia do <a href=\"https:\/\/www.diariodolitoral.com.br\/tags\/sono\/\" rel=\"nofollow noopener\" target=\"_blank\">sono<\/a>, dores cr\u00f4nicas, dist\u00farbios hormonais, s\u00edndrome das pernas inquietas, entre outros. Confira no v\u00eddeo abaixo, do Dr. Juliano Teles, um pouco mais sobre essas quest\u00f5es:<\/p>\n<p>Consequ\u00eancia de um sono desregulado<\/p>\n<p>Segundo um estudo publicado na revista cient\u00edfica Health Data Science, a m\u00e1 qualidade do <a href=\"https:\/\/www.diariodolitoral.com.br\/tags\/sono\/\" rel=\"nofollow noopener\" target=\"_blank\">sono<\/a> pode estar relacionada a at\u00e9 172 doen\u00e7as diferentes.\u00a0<\/p>\n<p>Al\u00e9m disso, o instituto Johns Hopkins Medicine alerta que pessoas com ins\u00f4nia podem ter um risco dez vezes maior de desenvolver depress\u00e3o do que pessoas que dormem bem.\n\t\t\t<\/p>\n<p class=\"texto-continue listagem-detalhe\">Continua depois da publicidade<\/p>\n<p>Outras consequ\u00eancias da falta de descanso adequado incluem irritabilidade, dificuldade de concentra\u00e7\u00e3o, falta de energia e confus\u00e3o mental.<\/p>\n<p><strong>Veja tamb\u00e9m:<\/strong> <a href=\"https:\/\/www.diariodolitoral.com.br\/variedades\/saude\/cochilo-a-tarde-ou-sono-direto-a-noite-estudo-indica-o-que-e-melhor\/199480\/\" rel=\"nofollow noopener\" target=\"_blank\">Cochilo \u00e0 tarde ou sono direto \u00e0 noite: estudo indica o que \u00e9 melhor para a sa\u00fade<\/a>.<\/p>\n<p>Como melhorar o sono<\/p>\n<p>Se a falta de <a href=\"https:\/\/www.diariodolitoral.com.br\/tags\/sono\/\" rel=\"nofollow noopener\" target=\"_blank\">sono<\/a> ou a dificuldade para dormir lhe causarem problemas, \u00e9 importante adotar h\u00e1bitos que favore\u00e7am o descanso.\u00a0\n\t\t\t<\/p>\n<p class=\"texto-continue listagem-detalhe\">Continua depois da publicidade<\/p>\n<p>Evite o consumo de cafe\u00edna e bebidas alco\u00f3licas \u00e0 noite, mantenha hor\u00e1rios regulares para deitar e acordar e reduza o uso de telas antes de dormir.<\/p>\n<p><strong>Veja tamb\u00e9m:<\/strong> <a href=\"https:\/\/www.diariodolitoral.com.br\/diario-mais\/uma-fruta-barata-pode-ser-a-chave-para-uma-boa-noite-de-sono-e-a-cienc\/199293\/\" rel=\"nofollow noopener\" target=\"_blank\">Uma fruta barata pode ser a chave para uma boa noite de sono &#8211; e a ci\u00eancia explica<\/a>.<\/p>\n<p>Criar um ambiente escuro, silencioso e confort\u00e1vel tamb\u00e9m ajuda o corpo a relaxar. Uma boa ideia \u00e9 adotar rituais relaxantes para pegar no <a href=\"https:\/\/www.diariodolitoral.com.br\/tags\/sono\/\" rel=\"nofollow noopener\" target=\"_blank\">sono<\/a>, como ler, meditar ou ouvir m\u00fasica calma.\n\t\t\t<\/p>\n<p class=\"texto-continue listagem-detalhe\">Continua depois da publicidade<\/p>\n<p>Se, mesmo com essas medidas, o problema persistir, procure orienta\u00e7\u00e3o m\u00e9dica. A ins\u00f4nia pode estar relacionada a outras condi\u00e7\u00f5es de <a href=\"https:\/\/www.diariodolitoral.com.br\/tags\/saude\/\" rel=\"nofollow noopener\" target=\"_blank\">sa\u00fade<\/a> que exigem acompanhamento profissional.<\/p>\n<p>Por Vitoria Estrela<\/p>\n","protected":false},"excerpt":{"rendered":"Segundo um estudo publicado na revista Health Data Science, a m\u00e1 qualidade do sono pode estar relacionada a&hellip;\n","protected":false},"author":2,"featured_media":112411,"comment_status":"","ping_status":"","sticky":false,"template":"","format":"standard","meta":{"footnotes":""},"categories":[86],"tags":[1403,116,32,33,117,536],"class_list":{"0":"post-112410","1":"post","2":"type-post","3":"status-publish","4":"format-standard","5":"has-post-thumbnail","7":"category-saude","8":"tag-comportamento","9":"tag-health","10":"tag-portugal","11":"tag-pt","12":"tag-saude","13":"tag-sono"},"share_on_mastodon":{"url":"","error":""},"_links":{"self":[{"href":"https:\/\/www.europesays.com\/pt\/wp-json\/wp\/v2\/posts\/112410","targetHints":{"allow":["GET"]}}],"collection":[{"href":"https:\/\/www.europesays.com\/pt\/wp-json\/wp\/v2\/posts"}],"about":[{"href":"https:\/\/www.europesays.com\/pt\/wp-json\/wp\/v2\/types\/post"}],"author":[{"embeddable":true,"href":"https:\/\/www.europesays.com\/pt\/wp-json\/wp\/v2\/users\/2"}],"replies":[{"embeddable":true,"href":"https:\/\/www.europesays.com\/pt\/wp-json\/wp\/v2\/comments?post=112410"}],"version-history":[{"count":0,"href":"https:\/\/www.europesays.com\/pt\/wp-json\/wp\/v2\/posts\/112410\/revisions"}],"wp:featuredmedia":[{"embeddable":true,"href":"https:\/\/www.europesays.com\/pt\/wp-json\/wp\/v2\/media\/112411"}],"wp:attachment":[{"href":"https:\/\/www.europesays.com\/pt\/wp-json\/wp\/v2\/media?parent=112410"}],"wp:term":[{"taxonomy":"category","embeddable":true,"href":"https:\/\/www.europesays.com\/pt\/wp-json\/wp\/v2\/categories?post=112410"},{"taxonomy":"post_tag","embeddable":true,"href":"https:\/\/www.europesays.com\/pt\/wp-json\/wp\/v2\/tags?post=112410"}],"curies":[{"name":"wp","href":"https:\/\/api.w.org\/{rel}","templated":true}]}}