{"id":112465,"date":"2025-10-15T23:48:10","date_gmt":"2025-10-15T23:48:10","guid":{"rendered":"https:\/\/www.europesays.com\/pt\/112465\/"},"modified":"2025-10-15T23:48:10","modified_gmt":"2025-10-15T23:48:10","slug":"cara-da-tvi-fala-sobre-polemica-de-liliana-ze-e-fabio-acho-que-aqui-nao-ha-traicao-secret-story","status":"publish","type":"post","link":"https:\/\/www.europesays.com\/pt\/112465\/","title":{"rendered":"Cara da TVI fala sobre pol\u00e9mica de Liliana, Z\u00e9 e F\u00e1bio: \u00abAcho que aqui n\u00e3o h\u00e1 trai\u00e7\u00e3o\u00bb &#8211; Secret Story"},"content":{"rendered":"<p><strong>Maria Sampaio<\/strong> foi uma das convidadas do <strong>Bom Dia Alegria<\/strong>, do <strong>V+<\/strong>, conduzido por <strong>Merche Romero<\/strong> e<strong> Z\u00e9 Lopes<\/strong>, onde se juntou a <strong>Guilherme Castelo Branco<\/strong> e \u00e0 psic\u00f3loga <strong>Carolina de Freitas Nunes<\/strong> para comentar a mais recente pol\u00e9mica entre <strong>Liliana<\/strong>,<strong> Z\u00e9<\/strong> e <strong>F\u00e1bio<\/strong>, do <a href=\"https:\/\/tvi.iol.pt\/secretstory\/\" target=\"_blank\" rel=\"nofollow noopener\"><strong>Secret Story 9<\/strong><\/a>.<\/p>\n<p>Sem rodeios, a atriz defendeu que tudo isto pode ser algo bom, a longo prazo, na vida de Z\u00e9. \u00abLivrou-se de uma pessoa que n\u00e3o gosta dele (&#8230;) ainda bem que aconteceu\u00bb, afirmou.<\/p>\n<p><strong>Maria Sampaio <\/strong>rejeitou tamb\u00e9m a ideia de que tenha havido uma trai\u00e7\u00e3o entre os concorrentes. \u00abAcho que aqui n\u00e3o h\u00e1 trai\u00e7\u00e3o\u00bb, esclareceu, pelo facto do beijo entre F\u00e1bio e Liliana ter acontecido depois desta terminar o noivado com o agora ex-noivo. Sublinhou que o tema foi tratado de forma diferente por causa do g\u00e9nero de Liliana: \u00abO facto de ela ser mulher tem muito mais peso\u00bb, acrescentou.<\/p>\n<p>A atriz apontou ainda a falta de empatia emocional da concorrente: \u00abN\u00e3o teve responsabilidade afetiva\u00bb, resumiu, numa conversa que gerou v\u00e1rias rea\u00e7\u00f5es em est\u00fadio.<\/p>\n<p>Veja o momento aqui: <\/p>\n<p>\u00a0<\/p>\n","protected":false},"excerpt":{"rendered":"Maria Sampaio foi uma das convidadas do Bom Dia Alegria, do V+, conduzido por Merche Romero e Z\u00e9&hellip;\n","protected":false},"author":2,"featured_media":112466,"comment_status":"","ping_status":"","sticky":false,"template":"","format":"standard","meta":{"footnotes":""},"categories":[142],"tags":[18706,114,115,18705,19082,19016,21558,32,33,151,18704,975],"class_list":{"0":"post-112465","1":"post","2":"type-post","3":"status-publish","4":"format-standard","5":"has-post-thumbnail","7":"category-tv","8":"tag-bastidores-secret-story","9":"tag-entertainment","10":"tag-entretenimento","11":"tag-entrevistas-concorrentes-tvi","12":"tag-fabio","13":"tag-liliana","14":"tag-maria-sampaio","15":"tag-portugal","16":"tag-pt","17":"tag-tv","18":"tag-vida-fora-da-casa","19":"tag-ze"},"share_on_mastodon":{"url":"","error":""},"_links":{"self":[{"href":"https:\/\/www.europesays.com\/pt\/wp-json\/wp\/v2\/posts\/112465","targetHints":{"allow":["GET"]}}],"collection":[{"href":"https:\/\/www.europesays.com\/pt\/wp-json\/wp\/v2\/posts"}],"about":[{"href":"https:\/\/www.europesays.com\/pt\/wp-json\/wp\/v2\/types\/post"}],"author":[{"embeddable":true,"href":"https:\/\/www.europesays.com\/pt\/wp-json\/wp\/v2\/users\/2"}],"replies":[{"embeddable":true,"href":"https:\/\/www.europesays.com\/pt\/wp-json\/wp\/v2\/comments?post=112465"}],"version-history":[{"count":0,"href":"https:\/\/www.europesays.com\/pt\/wp-json\/wp\/v2\/posts\/112465\/revisions"}],"wp:featuredmedia":[{"embeddable":true,"href":"https:\/\/www.europesays.com\/pt\/wp-json\/wp\/v2\/media\/112466"}],"wp:attachment":[{"href":"https:\/\/www.europesays.com\/pt\/wp-json\/wp\/v2\/media?parent=112465"}],"wp:term":[{"taxonomy":"category","embeddable":true,"href":"https:\/\/www.europesays.com\/pt\/wp-json\/wp\/v2\/categories?post=112465"},{"taxonomy":"post_tag","embeddable":true,"href":"https:\/\/www.europesays.com\/pt\/wp-json\/wp\/v2\/tags?post=112465"}],"curies":[{"name":"wp","href":"https:\/\/api.w.org\/{rel}","templated":true}]}}