{"id":112500,"date":"2025-10-16T00:20:21","date_gmt":"2025-10-16T00:20:21","guid":{"rendered":"https:\/\/www.europesays.com\/pt\/112500\/"},"modified":"2025-10-16T00:20:21","modified_gmt":"2025-10-16T00:20:21","slug":"centro-de-convivencia-da-pessoa-idosa-inaugura-maturiteca-nesta-sexta-17-noticias","status":"publish","type":"post","link":"https:\/\/www.europesays.com\/pt\/112500\/","title":{"rendered":"Centro de Conviv\u00eancia da Pessoa Idosa inaugura \u201cMaturiteca\u201d nesta sexta (17) &#8211; Not\u00edcias"},"content":{"rendered":"<p>              Assist\u00eancia Social e Habita\u00e7\u00e3o<\/p>\n<p>      15 de Outubro de 2025 \u00e0s 14:00<\/p>\n<p class=\"resumo\">Espa\u00e7o disponibilizar\u00e1 livros para pessoas idosas cadastradas<\/p>\n<p style=\"text-align:justify\">A Secretaria Municipal de Assist\u00eancia Social e Habita\u00e7\u00e3o anuncia a inaugura\u00e7\u00e3o da <strong>Maturiteca<\/strong>, um novo espa\u00e7o voltado ao empr\u00e9stimo de livros no Centro de Conviv\u00eancia da Pessoa Idosa (CCI). A iniciativa tem como prop\u00f3sito incentivar o h\u00e1bito da leitura e contribuir para o fortalecimento cognitivo das pessoas idosas, facilitando o acesso a obras liter\u00e1rias.<\/p>\n<p>O espa\u00e7o ser\u00e1 inaugurado nesta sexta-feira, 17 de outubro, \u00e0s 14h, e permitir\u00e1 que os integrantes do Centro de Conviv\u00eancia retirem livros para leitura em seus pr\u00f3prios lares.<\/p>\n<p>O acervo da Maturiteca ser\u00e1 composto por livros provenientes da Biblioteca Municipal e de doa\u00e7\u00f5es da comunidade. Com essa a\u00e7\u00e3o, a Secretaria busca estimular a chamada \u201cgin\u00e1stica cerebral\u201d, auxiliando na preven\u00e7\u00e3o do Alzheimer e de outras doen\u00e7as associadas a maturidade, al\u00e9m de promover autonomia, bem-estar e qualidade de vida entre as pessoas idosas atendidas.<\/p>\n<p style=\"text-align:justify\">Para participar desta e de outras a\u00e7\u00f5es promovidas pelo Centro de Conviv\u00eancia, os interessados podem realizar o cadastro diretamente no local, durante o hor\u00e1rio de expediente, na Rua Nova Br\u00e9scia, 337, Bairro Vila Nova. Mais informa\u00e7\u00f5es podem ser obtidas pelo telefone (54) 3433-2173.<\/p>\n<p>Por Assessoria de Imprensa\u00a0em conjunto com\u00a0Secretaria de Assist\u00eancia Social e Habita\u00e7\u00e3o<br \/>&#13;<br \/>\nImagem:\u00a0Secretaria de Assist\u00eancia Social e Habita\u00e7\u00e3o<\/p>\n","protected":false},"excerpt":{"rendered":"Assist\u00eancia Social e Habita\u00e7\u00e3o 15 de Outubro de 2025 \u00e0s 14:00 Espa\u00e7o disponibilizar\u00e1 livros para pessoas idosas cadastradas&hellip;\n","protected":false},"author":2,"featured_media":112501,"comment_status":"","ping_status":"","sticky":false,"template":"","format":"standard","meta":{"footnotes":""},"categories":[143],"tags":[169,114,115,170,32,33],"class_list":{"0":"post-112500","1":"post","2":"type-post","3":"status-publish","4":"format-standard","5":"has-post-thumbnail","7":"category-livros","8":"tag-books","9":"tag-entertainment","10":"tag-entretenimento","11":"tag-livros","12":"tag-portugal","13":"tag-pt"},"share_on_mastodon":{"url":"","error":""},"_links":{"self":[{"href":"https:\/\/www.europesays.com\/pt\/wp-json\/wp\/v2\/posts\/112500","targetHints":{"allow":["GET"]}}],"collection":[{"href":"https:\/\/www.europesays.com\/pt\/wp-json\/wp\/v2\/posts"}],"about":[{"href":"https:\/\/www.europesays.com\/pt\/wp-json\/wp\/v2\/types\/post"}],"author":[{"embeddable":true,"href":"https:\/\/www.europesays.com\/pt\/wp-json\/wp\/v2\/users\/2"}],"replies":[{"embeddable":true,"href":"https:\/\/www.europesays.com\/pt\/wp-json\/wp\/v2\/comments?post=112500"}],"version-history":[{"count":0,"href":"https:\/\/www.europesays.com\/pt\/wp-json\/wp\/v2\/posts\/112500\/revisions"}],"wp:featuredmedia":[{"embeddable":true,"href":"https:\/\/www.europesays.com\/pt\/wp-json\/wp\/v2\/media\/112501"}],"wp:attachment":[{"href":"https:\/\/www.europesays.com\/pt\/wp-json\/wp\/v2\/media?parent=112500"}],"wp:term":[{"taxonomy":"category","embeddable":true,"href":"https:\/\/www.europesays.com\/pt\/wp-json\/wp\/v2\/categories?post=112500"},{"taxonomy":"post_tag","embeddable":true,"href":"https:\/\/www.europesays.com\/pt\/wp-json\/wp\/v2\/tags?post=112500"}],"curies":[{"name":"wp","href":"https:\/\/api.w.org\/{rel}","templated":true}]}}