{"id":112513,"date":"2025-10-16T00:29:10","date_gmt":"2025-10-16T00:29:10","guid":{"rendered":"https:\/\/www.europesays.com\/pt\/112513\/"},"modified":"2025-10-16T00:29:10","modified_gmt":"2025-10-16T00:29:10","slug":"o-amor-da-minha-vida-casal-refem-do-hamas-reencontra-se-738-dias-depois","status":"publish","type":"post","link":"https:\/\/www.europesays.com\/pt\/112513\/","title":{"rendered":"\u201cO amor da minha vida\u201d: casal ref\u00e9m do Hamas reencontra-se 738 dias depois"},"content":{"rendered":"<p class=\"category\"><a href=\"https:\/\/sicnoticias.pt\/especiais\/guerra-no-medio-oriente\" rel=\"nofollow noopener\" target=\"_blank\">Guerra no M\u00e9dio Oriente<\/a><\/p>\n<p class=\"g-article-lead lead\" data-field=\"lead\">Noa e Avinatan foram levados pelo Hamas do festival de m\u00fasica Nova a 7 de outubro de 2023. Nunca mais se viram. Ela foi mantida em casas com outras mulheres, crian\u00e7as e ref\u00e9ns mais idosos. Ele esteve sempre nos t\u00faneis. O registo do reencontro foi partilhado nas redes sociais.<\/p>\n<p><img decoding=\"async\" src=\"https:\/\/www.europesays.com\/pt\/wp-content\/uploads\/2025\/10\/1760574550_491_original.webp\" alt=\"\u201cO amor da minha vida\u201d: casal ref\u00e9m do Hamas reencontra-se 738 dias depois\"\/><\/p>\n<p><strong>Noa e Avinatan foram raptados pelo Hamas nos ataques de 7 de outubro de 2023. Estavam no festival de m\u00fasica Nova quando foram separados e levados \u00e0 for\u00e7a por membros do grupo isl\u00e2mico.<\/strong><\/p>\n<p>Desde ent\u00e3o, <strong>nunca mais se viram<\/strong>. At\u00e9 agora. O reencontro aconteceu ao fim de 738 dias e depois do Hamas ter <a href=\"https:\/\/sicnoticias.pt\/especiais\/guerra-no-medio-oriente\/2025-10-13-video-refens-israelitas-libertados-para-tras-ficam-738-dias-de-cativeiro-e-historias-de-terror-5e7d6115?utm_source=sicnot&amp;utm_medium=search&amp;utm_campaign=WEB&amp;utm_content=\/especiais\/guerra-no-medio-oriente\/2025-10-13-video-refens-israelitas-libertados-para-tras-ficam-738-dias-de-cativeiro-e-historias-de-terror-5e7d6115\" target=\"_blank\" rel=\"noopener noreferrer nofollow\">libertado os ref\u00e9ns ainda vivos<\/a> ao abrigo do acordo de cessar-fogo apresentado por Donald Trump.<\/p>\n<p>Nas redes sociais, Noa partilhou uma fotografia dos dois, acompanhada de um longo texto onde descreve como, \u201ccontra todas as probabilidades\u201d, os dois voltaram para casa, s\u00e3os e salvos.<\/p>\n<blockquote><p> \u201cDois anos. Passaram-se dois anos desde que vi o Avinatan pela \u00faltima vez, o amor da minha vida. Dois anos desde o momento em que os terroristas nos raptaram. Meteram-me numa mota e separaram-me do Avinatan diante dos olhos de todo o mundo\u201d, escreve.  <\/p><\/blockquote>\n<p>Conta que foi mantida em cativeiro com crian\u00e7as, mulheres e ref\u00e9ns mais idosos, dentro de v\u00e1rias casas, enquanto Avinatan esteve sempre nos t\u00faneis. Noa foi <strong>resgatada ao fim de 246 dias<\/strong> numa opera\u00e7\u00e3o das for\u00e7as israelitas. O companheiro, no entanto, esteve sequestrado at\u00e9 ao \u2018fim\u2019.<\/p>\n<blockquote><p> \u201cN\u00e3o consigo descrever o que senti quando o vi pela primeira vez depois deste tempo todo. Cada um de n\u00f3s enfrentou a morte vezes sem conta e, apesar disso, ao fim de dois anos separados, estamos finalmente a dar os primeiros passos juntos novamente no Estado de Israel.\u201d  <\/p><\/blockquote>\n<p>A israelita n\u00e3o tem d\u00favidas: o processo de recupera\u00e7\u00e3o que t\u00eam pela frente ser\u00e1 longo. E apesar de ainda n\u00e3o terem \u201cprocessado o que aconteceu\u201d ao longo destes dois anos,<strong> \u201cvenceram\u201d<\/strong>.<\/p>\n<p>Na mensagem nas redes sociais, agradece \u00e0s For\u00e7as de Defesa de Israel, por \u201carriscarem a vida todos os dias\u201d pelos ref\u00e9ns, e a todos aqueles que em Israel e por todo o mundo <strong>fizeram as suas vozes ouvir-se pelos que \u201cn\u00e3o podiam falar\u201d<\/strong>.<\/p>\n<p>Agradece ainda \u00e0 administra\u00e7\u00e3o norte-americana, nomeadamente aos enviados especiais Steve Witkoff e Jared Kushner, e ao \u201cexcecional\u201d Presidente Donald Trump.<\/p>\n<blockquote><p> \u201cNunca esqueceremos os que ca\u00edram e que os que foram assassinados e nunca iremos parar de lutar at\u00e9 que todos os soldados e ref\u00e9ns que morreram sejam trazidos para casa para terem um funeral digno em Israel.\u201d  <\/p><\/blockquote>\n","protected":false},"excerpt":{"rendered":"Guerra no M\u00e9dio Oriente Noa e Avinatan foram levados pelo Hamas do festival de m\u00fasica Nova a 7&hellip;\n","protected":false},"author":2,"featured_media":112514,"comment_status":"","ping_status":"","sticky":false,"template":"","format":"standard","meta":{"footnotes":""},"categories":[50],"tags":[27,28,15,16,14,25,26,21,22,62,12,13,19,20,23,24,17,18,29,30,31,63,64,65],"class_list":{"0":"post-112513","1":"post","2":"type-post","3":"status-publish","4":"format-standard","5":"has-post-thumbnail","7":"category-mundo","8":"tag-breaking-news","9":"tag-breakingnews","10":"tag-featured-news","11":"tag-featurednews","12":"tag-headlines","13":"tag-latest-news","14":"tag-latestnews","15":"tag-main-news","16":"tag-mainnews","17":"tag-mundo","18":"tag-news","19":"tag-noticias","20":"tag-noticias-principais","21":"tag-noticiasprincipais","22":"tag-principais-noticias","23":"tag-principaisnoticias","24":"tag-top-stories","25":"tag-topstories","26":"tag-ultimas","27":"tag-ultimas-noticias","28":"tag-ultimasnoticias","29":"tag-world","30":"tag-world-news","31":"tag-worldnews"},"share_on_mastodon":{"url":"","error":""},"_links":{"self":[{"href":"https:\/\/www.europesays.com\/pt\/wp-json\/wp\/v2\/posts\/112513","targetHints":{"allow":["GET"]}}],"collection":[{"href":"https:\/\/www.europesays.com\/pt\/wp-json\/wp\/v2\/posts"}],"about":[{"href":"https:\/\/www.europesays.com\/pt\/wp-json\/wp\/v2\/types\/post"}],"author":[{"embeddable":true,"href":"https:\/\/www.europesays.com\/pt\/wp-json\/wp\/v2\/users\/2"}],"replies":[{"embeddable":true,"href":"https:\/\/www.europesays.com\/pt\/wp-json\/wp\/v2\/comments?post=112513"}],"version-history":[{"count":0,"href":"https:\/\/www.europesays.com\/pt\/wp-json\/wp\/v2\/posts\/112513\/revisions"}],"wp:featuredmedia":[{"embeddable":true,"href":"https:\/\/www.europesays.com\/pt\/wp-json\/wp\/v2\/media\/112514"}],"wp:attachment":[{"href":"https:\/\/www.europesays.com\/pt\/wp-json\/wp\/v2\/media?parent=112513"}],"wp:term":[{"taxonomy":"category","embeddable":true,"href":"https:\/\/www.europesays.com\/pt\/wp-json\/wp\/v2\/categories?post=112513"},{"taxonomy":"post_tag","embeddable":true,"href":"https:\/\/www.europesays.com\/pt\/wp-json\/wp\/v2\/tags?post=112513"}],"curies":[{"name":"wp","href":"https:\/\/api.w.org\/{rel}","templated":true}]}}