{"id":112515,"date":"2025-10-16T00:30:47","date_gmt":"2025-10-16T00:30:47","guid":{"rendered":"https:\/\/www.europesays.com\/pt\/112515\/"},"modified":"2025-10-16T00:30:47","modified_gmt":"2025-10-16T00:30:47","slug":"psd-e-ps-estavam-empatados-com-542-votos-cada-um-voto-nulo-decidiu-o-proximo-presidente-da-freguesia-de-vila-marim","status":"publish","type":"post","link":"https:\/\/www.europesays.com\/pt\/112515\/","title":{"rendered":"PSD e PS estavam empatados com 542 votos cada. Um voto nulo decidiu o pr\u00f3ximo presidente da freguesia de Vila Marim"},"content":{"rendered":"<p>\t                Em terceiro lugar na freguesia de Vila Real ficou o Chega, com 64 votos<\/p>\n<p>O PSD ganhou esta ter\u00e7a-feira as elei\u00e7\u00f5es na freguesia de Vila Marim, em Vila Real, ap\u00f3s a Assembleia de Apuramento Geral ter verificado que um voto nulo tinha sido contabilizado ao PS, revelou \u00e0 Lusa fonte da candidatura vencedora.<\/p>\n<p>A decis\u00e3o sobre o vencedor das elei\u00e7\u00f5es para aquela freguesia do concelho de Vila Real ficou suspensa no domingo, depois de ambas as candidaturas somarem 542 votos.<\/p>\n<p>Segundo Diogo N\u00f3brega, que encabe\u00e7ou a lista do PSD \u00e0 Assembleia de Freguesia de Vila Marim, hoje, feita a verifica\u00e7\u00e3o pela Assembleia de Apuramento Geral, foi detetado um voto nulo na contabilidade dos votos do PS, que acabou por ditar a vit\u00f3ria da sua candidatura.<\/p>\n<p>O PS ficou, ent\u00e3o, com o registo de 541 votos, assinalou. Em terceiro lugar ficou o Chega, com 64 votos.<\/p>\n<p>H\u00e1 quatro anos, as 20 juntas de freguesias do concelho foram conquistadas por candidatos do PS ou apoiados pelo PS.<\/p>\n<p>Ap\u00f3s esta verifica\u00e7\u00e3o de hoje, nestas aut\u00e1rquicas, para as assembleias de freguesia o PS perdeu Gui\u00e3es, Parada de Cunhos, Constantim e Vila Marim.<\/p>\n<p>Nas elei\u00e7\u00f5es de domingo, para a C\u00e2mara Municipal, o PS conquistou quatro mandatos, o PSD dois eleitos e o Chega um.<\/p>\n<p>Alexandre Favaios foi eleito presidente da c\u00e2mara, depois de assumir o cargo em junho ap\u00f3s a sa\u00edda de Rui Santos para a Assembleia da Republica. Rui Santos foi eleito presidente da Assembleia Municipal.<\/p>\n<p>Dos 49.167 eleitores inscritos no concelho votaram 32.144 (65,38%). Nas elei\u00e7\u00f5es para a c\u00e2mara municipal, o PS ganhou em todas as sec\u00e7\u00f5es de voto do concelho.<\/p>\n","protected":false},"excerpt":{"rendered":"Em terceiro lugar na freguesia de Vila Real ficou o Chega, com 64 votos O PSD ganhou esta&hellip;\n","protected":false},"author":2,"featured_media":112516,"comment_status":"","ping_status":"","sticky":false,"template":"","format":"standard","meta":{"footnotes":""},"categories":[10],"tags":[609,836,611,15187,22570,27,28,607,608,333,832,604,135,610,476,2258,15,16,301,830,14,603,25,26,570,21,22,831,833,62,834,12,13,19,20,835,602,52,32,23,24,455,4579,33,17,18,29,30,31,5547],"class_list":{"0":"post-112515","1":"post","2":"type-post","3":"status-publish","4":"format-standard","5":"has-post-thumbnail","7":"category-portugal","8":"tag-alerta","9":"tag-analise","10":"tag-ao-minuto","11":"tag-autarquicas","12":"tag-autarquicas2025","13":"tag-breaking-news","14":"tag-breakingnews","15":"tag-cnn","16":"tag-cnn-portugal","17":"tag-comentadores","18":"tag-costa","19":"tag-crime","20":"tag-desporto","21":"tag-direto","22":"tag-economia","23":"tag-eleicoes","24":"tag-featured-news","25":"tag-featurednews","26":"tag-governo","27":"tag-guerra","28":"tag-headlines","29":"tag-justica","30":"tag-latest-news","31":"tag-latestnews","32":"tag-live","33":"tag-main-news","34":"tag-mainnews","35":"tag-mais-vistas","36":"tag-marcelo","37":"tag-mundo","38":"tag-negocios","39":"tag-news","40":"tag-noticias","41":"tag-noticias-principais","42":"tag-noticiasprincipais","43":"tag-opiniao","44":"tag-pais","45":"tag-politica","46":"tag-portugal","47":"tag-principais-noticias","48":"tag-principaisnoticias","49":"tag-ps","50":"tag-psd","51":"tag-pt","52":"tag-top-stories","53":"tag-topstories","54":"tag-ultimas","55":"tag-ultimas-noticias","56":"tag-ultimasnoticias","57":"tag-vila-real"},"share_on_mastodon":{"url":"","error":""},"_links":{"self":[{"href":"https:\/\/www.europesays.com\/pt\/wp-json\/wp\/v2\/posts\/112515","targetHints":{"allow":["GET"]}}],"collection":[{"href":"https:\/\/www.europesays.com\/pt\/wp-json\/wp\/v2\/posts"}],"about":[{"href":"https:\/\/www.europesays.com\/pt\/wp-json\/wp\/v2\/types\/post"}],"author":[{"embeddable":true,"href":"https:\/\/www.europesays.com\/pt\/wp-json\/wp\/v2\/users\/2"}],"replies":[{"embeddable":true,"href":"https:\/\/www.europesays.com\/pt\/wp-json\/wp\/v2\/comments?post=112515"}],"version-history":[{"count":0,"href":"https:\/\/www.europesays.com\/pt\/wp-json\/wp\/v2\/posts\/112515\/revisions"}],"wp:featuredmedia":[{"embeddable":true,"href":"https:\/\/www.europesays.com\/pt\/wp-json\/wp\/v2\/media\/112516"}],"wp:attachment":[{"href":"https:\/\/www.europesays.com\/pt\/wp-json\/wp\/v2\/media?parent=112515"}],"wp:term":[{"taxonomy":"category","embeddable":true,"href":"https:\/\/www.europesays.com\/pt\/wp-json\/wp\/v2\/categories?post=112515"},{"taxonomy":"post_tag","embeddable":true,"href":"https:\/\/www.europesays.com\/pt\/wp-json\/wp\/v2\/tags?post=112515"}],"curies":[{"name":"wp","href":"https:\/\/api.w.org\/{rel}","templated":true}]}}