{"id":112517,"date":"2025-10-16T00:32:17","date_gmt":"2025-10-16T00:32:17","guid":{"rendered":"https:\/\/www.europesays.com\/pt\/112517\/"},"modified":"2025-10-16T00:32:17","modified_gmt":"2025-10-16T00:32:17","slug":"michael-schumacher-apresenta-sinais-de-evolucao-diz-jornal-midianews","status":"publish","type":"post","link":"https:\/\/www.europesays.com\/pt\/112517\/","title":{"rendered":"Michael Schumacher apresenta sinais de evolu\u00e7\u00e3o, diz jornal &#8211; MidiaNews"},"content":{"rendered":"<ol>\n<li><a href=\"https:\/\/news.google.com\/rss\/articles\/CBMiqAFBVV95cUxNNWh1dUdRSHZxM20wSWotWFl5SlNiZkphTHlsZm1lLXNHbjZRaWhJLXZTM19GWDBhd25yWjlXY1BMUnFQVzBfQmxteFZqbTVrd09nS3NBbzBHTEdfNE1pQzBCbENvYnNMNVBPckZ6cnpOVjhPSzdBb2RKMXNiYjI2NkdnRVdtaDBFMGViWE9DMHp6Y291N0RaRGJ5NmNuM2NYclhmaE1Telo?oc=5\" target=\"_blank\" rel=\"nofollow noopener\">Michael Schumacher apresenta sinais de evolu\u00e7\u00e3o, diz jornal<\/a>&nbsp;&nbsp;MidiaNews<\/li>\n<li><a href=\"https:\/\/news.google.com\/rss\/articles\/CBMivgFBVV95cUxNZGtRaUdKOC0xdzJ6QU1uOGQxeVdwZmxFaENIR1N5SVJTbGZ0LW5wa1c1UnE4aEx0S0FqaDZaRjlNeHBtSWlYenJJOERpYmlsOFBwZlNHbnVNODBLQXkteVluTDF1ZnAzNG1kaTlYNzBnMkpDbmRQSzBXTHZQUVo4cldrRF9OSFFpRzZ2TG5KTVVtSHhJMWNGMFNvOXNlV0lodlZfYnVEU3QtYUszdWJLV0tMYXlMQURfc3NUdjBR0gHMAUFVX3lxTE5LOUtXdlUtbEp5SF9iSk1yblhLVTkyUWRKbEF5SS1HUHJTZHlORm16Mk1qTUJXYXduSHEzYnVNZnUwbHoxTjB3ZVFsN01iYlp2d2JQUTkyMTBNVHBVazdJcFRjdGRVUjJkLXg3R0p4dF9iRHZmNjZ0WTJSV0xycEVXTm4weWJ4UU93YkZZWVliUjR1bEh6RWFuWF9RZ0E2d2NsV0lXOFNfSnRMcWhMRDFlZjNZRUpiRjhybTVDOFZiNEN2eFhPVU5RVENZaw?oc=5\" target=\"_blank\" rel=\"nofollow noopener\">Michael Schumacher: Ap\u00f3s 11 anos do acidente, heptacampe\u00e3o apresenta &#8216;sinais positivos&#8217;, diz jornal<\/a>&nbsp;&nbsp;O Globo<\/li>\n<li><a href=\"https:\/\/news.google.com\/rss\/articles\/CBMixAFBVV95cUxNWXJpMTlubHRuT2lCTzRERl85WlRQWXpEWnpmajBKRjVHN3g2UEhKel9nTTlxVTRIS2RlaGNWb0pmQ3ZQWkU4aUZlRmZTTmNiODE4VU1BZlRKVXhDVFpwcUFyazBYalN4Q0JqTnMzZTB5OENDSl9DSE1yVTQ1UEhGYUlZdXJVT3ZtMUpDR2puTUJ1bFNIellRTlVLQWpxT3doZ1ZYZm1QVTZRS1ZKQlRjMHk0V2QteUhIRjVrMG13OG9PYUQ1?oc=5\" target=\"_blank\" rel=\"nofollow noopener\">Schumacher apresenta sinais positivos ap\u00f3s 11 anos do acidente, diz jornal<\/a>&nbsp;&nbsp;CNN Brasil<\/li>\n<li><a href=\"https:\/\/news.google.com\/rss\/articles\/CBMijwFBVV95cUxPeFFUdmczbUJCdS1PclM4SS10b2oyTjByVlI2T0VyZzV1VFBSaVQtR09iRVZyTzNNSk9rZVBYLXhKU0Jad0dKaGNNNnlJRzViQ1gtV3RDcWtyWm5yQkc4TGR0V3JKa08tSkVuQ2diVDUzRUxlWmRDeGNIUF9udUViZC16MG80MDRDdHl6azBncw?oc=5\" target=\"_blank\" rel=\"nofollow noopener\">F1: Jornalista aponta \u201csinal positivo\u201d na sa\u00fade de Schumacher<\/a>&nbsp;&nbsp;F1Mania.net<\/li>\n<li><a href=\"https:\/\/news.google.com\/rss\/articles\/CBMi1AFBVV95cUxOaHpVcDVzVW1QQXlmUVVfSW12UTRWQzFFeTVyVThCRXozUTRZdWRrUVN2MFdaRkRlSzhFTm1xVmhDWHlrd2JrYW1CNTQ5Q2VJakdpMmhWaVVyMmNsTkRYZ2dBM3hKcDlMS2tqTklKR0tPODVMTGNBYmxVa0JEb2RndFR3aGx2SklRdWxhSENDRWZDa014ZG5ZRGt6bG9PRWtYY3BuY3RBcV9fOE9wN1BGMlFheHhLSnM2MDZ4S1BKZ1U3RnF4MEJjTVFrd1lOR1otc3B5QtIB1AFBVV95cUxOaHpVcDVzVW1QQXlmUVVfSW12UTRWQzFFeTVyVThCRXozUTRZdWRrUVN2MFdaRkRlSzhFTm1xVmhDWHlrd2JrYW1CNTQ5Q2VJakdpMmhWaVVyMmNsTkRYZ2dBM3hKcDlMS2tqTklKR0tPODVMTGNBYmxVa0JEb2RndFR3aGx2SklRdWxhSENDRWZDa014ZG5ZRGt6bG9PRWtYY3BuY3RBcV9fOE9wN1BGMlFheHhLSnM2MDZ4S1BKZ1U3RnF4MEJjTVFrd1lOR1otc3B5Qg?oc=5\" target=\"_blank\" rel=\"nofollow noopener\">Atualiza\u00e7\u00f5es sobre sa\u00fade do ex-piloto F1 Michael Schumacher revelam cuidados intensivos em 2025<\/a>&nbsp;&nbsp;Mix Vale<\/li>\n<\/ol>\n","protected":false},"excerpt":{"rendered":"Michael Schumacher apresenta sinais de evolu\u00e7\u00e3o, diz jornal&nbsp;&nbsp;MidiaNews Michael Schumacher: Ap\u00f3s 11 anos do acidente, heptacampe\u00e3o apresenta &#8216;sinais&hellip;\n","protected":false},"author":2,"featured_media":112518,"comment_status":"","ping_status":"","sticky":false,"template":"","format":"standard","meta":{"footnotes":""},"categories":[145],"tags":[211,210,114,115,3724,3723,32,33,3725],"class_list":{"0":"post-112517","1":"post","2":"type-post","3":"status-publish","4":"format-standard","5":"has-post-thumbnail","7":"category-celebridades","8":"tag-celebridades","9":"tag-celebrities","10":"tag-entertainment","11":"tag-entretenimento","12":"tag-noticias-da-capital","13":"tag-noticias-de-cuiaba","14":"tag-portugal","15":"tag-pt","16":"tag-urgente-cuiaba"},"share_on_mastodon":{"url":"","error":""},"_links":{"self":[{"href":"https:\/\/www.europesays.com\/pt\/wp-json\/wp\/v2\/posts\/112517","targetHints":{"allow":["GET"]}}],"collection":[{"href":"https:\/\/www.europesays.com\/pt\/wp-json\/wp\/v2\/posts"}],"about":[{"href":"https:\/\/www.europesays.com\/pt\/wp-json\/wp\/v2\/types\/post"}],"author":[{"embeddable":true,"href":"https:\/\/www.europesays.com\/pt\/wp-json\/wp\/v2\/users\/2"}],"replies":[{"embeddable":true,"href":"https:\/\/www.europesays.com\/pt\/wp-json\/wp\/v2\/comments?post=112517"}],"version-history":[{"count":0,"href":"https:\/\/www.europesays.com\/pt\/wp-json\/wp\/v2\/posts\/112517\/revisions"}],"wp:featuredmedia":[{"embeddable":true,"href":"https:\/\/www.europesays.com\/pt\/wp-json\/wp\/v2\/media\/112518"}],"wp:attachment":[{"href":"https:\/\/www.europesays.com\/pt\/wp-json\/wp\/v2\/media?parent=112517"}],"wp:term":[{"taxonomy":"category","embeddable":true,"href":"https:\/\/www.europesays.com\/pt\/wp-json\/wp\/v2\/categories?post=112517"},{"taxonomy":"post_tag","embeddable":true,"href":"https:\/\/www.europesays.com\/pt\/wp-json\/wp\/v2\/tags?post=112517"}],"curies":[{"name":"wp","href":"https:\/\/api.w.org\/{rel}","templated":true}]}}