{"id":112528,"date":"2025-10-16T00:43:24","date_gmt":"2025-10-16T00:43:24","guid":{"rendered":"https:\/\/www.europesays.com\/pt\/112528\/"},"modified":"2025-10-16T00:43:24","modified_gmt":"2025-10-16T00:43:24","slug":"mariana-mortagua-condena-violencia-do-hamas-na-faixa-de-gaza-observador","status":"publish","type":"post","link":"https:\/\/www.europesays.com\/pt\/112528\/","title":{"rendered":"Mariana Mort\u00e1gua condena viol\u00eancia do Hamas na Faixa de Gaza \u2013 Observador"},"content":{"rendered":"<p>Acompanhe o<a href=\"https:\/\/observador.pt\/liveblogs\/israel-vai-reabrir-passagem-de-rafah-permitindo-a-entrada-de-600-camioes-com-ajuda-humanitaria-na-faixa-da-gaza\/\" rel=\"nofollow noopener\" target=\"_blank\"> nosso liveblog sobre o conflito no M\u00e9dio Oriente.\u00a0<\/a><\/p>\n<p>A coordenadora do Bloco de Esquerda, Mariana Mort\u00e1gua, condenou esta quarta-feira os relatos de viol\u00eancia perpetrados pelo Hamas na Faixa de Gaza e defendeu que a Palestina s\u00f3 pode ser um Estado livre sem o movimento islamita.<\/p>\n<p>\u201cEssa \u00e9 uma decis\u00e3o que cabe aos palestinianos e n\u00e3o a mim, se a escolha fosse minha, n\u00e3o, mas os pa\u00edses s\u00e3o aquilo que lhes permitem ser e acho que idealmente eu s\u00f3 posso condenar execu\u00e7\u00f5es em pra\u00e7a p\u00fablica como aquelas que tivemos not\u00edcia, isso \u00e9 muito claro\u201d,\u00a0afirmou Mariana Mort\u00e1gua quando questionada sobre se o grupo islamita pode fazer parte do futuro da Palestina.<\/p>\n<p>\u201cN\u00e3o h\u00e1 justi\u00e7a pelas pr\u00f3prias m\u00e3os, seja pelo Hamas, seja por Israel\u201d, continuou\u00a0\u00e0 margem de uma conversa a decorrer em Lisboa, com os ativistas portugueses\u00a0Miguel Duarte e Sofia Apar\u00edcio que seguiam\u00a0na\u00a0Flotilha Global Sumud.<\/p>\n<p>Durante a conversa, que reuniu cerca de uma centena de pessoas, os tr\u00eas ativistas relataram a experi\u00eancia a bordo da flotilha, os momentos em que as embarca\u00e7\u00f5es foram visadas por drones e os tempos vividos quando foram detidos pelas autoridades israelitas.<\/p>\n<p>Pouco antes do in\u00edcio do debate ao ar livre, Sofia Apar\u00edcio qualificou o plano de paz apresentado pelo Presidente norte-americano, Donald Trump, como um \u201cpseudo-acordo de paz\u201d \u201cEsta primeira fase em que acabaram os bombardeamentos, o que \u00e9 maravilhoso, ningu\u00e9m mais que o povo palestiniano merece uma pausa nos bombardeamentos, mas a mim, e n\u00e3o falo por eles, a mim aquilo parece-me mais um acordo de neg\u00f3cios e quase uma recompensa pelos genoc\u00eddio\u201d, sublinhou.<\/p>\n<p>\u201cEu li a primeira parte do acordo e a sensa\u00e7\u00e3o que tive \u00e9 que tinha recuado s\u00e9culos atr\u00e1s e estava a ler qualquer tratado colonialista\u201d, prosseguiu.<\/p>\n<p>Mariana Mort\u00e1gua salientou tamb\u00e9m que <strong>o acordo n\u00e3o pode ser considerado de paz enquanto Israel continuar a \u201cocupar ilegalmente o territ\u00f3rio palestiniano<\/strong>\u201d.<\/p>\n<p>Para a l\u00edder do BE este \u00e9 um \u201cacordo de cessar-fogo que \u00e9 conseguido \u00e0 custa da amea\u00e7a de um genoc\u00eddio\u201d, reconhecendo, no entanto, que \u201cconstitui um al\u00edvio humanit\u00e1rio\u201d. \u201cConstitui um al\u00edvio humanit\u00e1rio, embora tenhamos alguns relatos de pessoas que foram mortas, entretanto, j\u00e1 depois do cessar-fogo, mas mesmo assim constitui um al\u00edvio humanit\u00e1rio e que \u00e9 conseguido pela press\u00e3o dos movimentos sociais e nada mais que isso\u201d, frisou.<\/p>\n<p>Quanto \u00e0 iniciativa desta quarta-feira, Miguel Duarte vincou que \u00e9 um momento importante para os ativistas se conectarem com a sociedade civil \u201cque foi quem fez as mobiliza\u00e7\u00f5es aqui em Portugal\u201d.<\/p>\n<p>Durante o debate, o ativista avan\u00e7ou que os v\u00e1rios governos europeus, como espanhol, alem\u00e3o, italiano e portugu\u00eas, contactaram os membros da flotilha enquanto se encontravam em alto mar com avisos de que as suas vidas estavam em risco, depois de os mesmos terem sido contactados pelas autoridades israelitas.<\/p>\n<p>\u201cForam contactados pelo Estado israelita com amea\u00e7as vari\u00e1veis que envolviam, essencialmente, o afundar de v\u00e1rios dos barcos nas 48 horas seguintes, portanto, uma amea\u00e7a \u00e0 nossa seguran\u00e7a e \u00e0 nossa vida, que os nossos governos, em vez de refutarem, em vez de combaterem, nos transmitiram: os nossos governos disseram a partir daqui, \u00e9 basicamente convosco\u201d, sublinhou.<\/p>\n<p>A ag\u00eancia de not\u00edcias espanhola EFE avan\u00e7ou que<strong> circulam v\u00eddeos nas redes sociais<\/strong> que mostram membros do Hamas a executarem pessoas algemadas nas ruas, alegando que as mesmas colaboravam com Israel.<\/p>\n<blockquote class=\"twitter-tweet\" data-width=\"500\" data-dnt=\"true\">\n<p lang=\"en\" dir=\"ltr\">Hey! Pro-Palestine activists. Your thoughts? <\/p>\n<p>Hamas executes Gazans in broad daylight as others cheer and film.<br \/>No trial. No due process.<br \/>A society poisoned by violence, hatred, and indoctrination.<br \/>When will the world see that Israel is not the problem?<a href=\"https:\/\/twitter.com\/hashtag\/Gaza?src=hash&amp;ref_src=twsrc%5Etfw\" rel=\"nofollow noopener\" target=\"_blank\">#Gaza<\/a> <a href=\"https:\/\/twitter.com\/hashtag\/HamasTerrorists?src=hash&amp;ref_src=twsrc%5Etfw\" rel=\"nofollow noopener\" target=\"_blank\">#HamasTerrorists<\/a>\u2026 <a href=\"https:\/\/t.co\/azQM8RABg6\" rel=\"nofollow\">pic.twitter.com\/azQM8RABg6<\/a><\/p>\n<p>\u2014 Rawan Osman \u0631\u0648\u0627\u0646 \u0639\u062b\u0645\u0627\u0646 (@RawaneOsmane) <a href=\"https:\/\/twitter.com\/RawaneOsmane\/status\/1977828272231559485?ref_src=twsrc%5Etfw\" rel=\"nofollow noopener\" target=\"_blank\">October 13, 2025<\/a><\/p>\n<\/blockquote>\n<p>J\u00e1 a ag\u00eancia de not\u00edcias France-Presse (AFP) especificou que foram executados\u00a0publicamente oito presum\u00edveis colaboradores de Israel.<\/p>\n<p>Ap\u00f3s v\u00e1rios dias de confrontos, testemunhas afirmaram na ter\u00e7a-feira que se registaram combates intensos\u00a0no leste da cidade de Gaza, no bairro de Shujaia, entre uma unidade afiliada do Hamas e cl\u00e3s e bandos armados, alguns dos quais teriam sido apoiados por Israel.<\/p>\n<p>Os quatro portugueses que fizeram parte da flotilha Global Sumud chegaram a 5 de outubro, pelas 22h30, ao aeroporto Humberto Delgado, em Lisboa, onde eram aguardados por familiares e apoiantes pr\u00f3-Palestina.<\/p>\n<p>Mariana Mort\u00e1gua, a atriz Sofia Apar\u00edcio e os ativistas Miguel Duarte e Diogo Chaves foram detidos, em Israel,\u00a0depois das for\u00e7as israelitas terem intercetado as cerca de 50 embarca\u00e7\u00f5es da Flotilha Global Sumud, que pretendia entregar ajuda humanit\u00e1ria na Faixa de Gaza.<\/p>\n<p><strong>[Apesar da euforia em torno de Freitas, Soares recupera. O debate com Zenha ser\u00e1 decisivo. Quando acabar, nunca mais ser\u00e3o amigos.\u00a0A\u00a0<a href=\"https:\/\/observador.pt\/programas\/a-eleio-mais-louca-de-sempre\/episodio-3-ele-nao-e-meu-irmao\/\" rel=\"nofollow noopener\" target=\"_blank\">\u201cElei\u00e7\u00e3o Mais Louca de Sempre\u201d<\/a>\u00a0\u00e9 o novo Podcast Plus do Observador sobre as Presidenciais de 1986. Uma s\u00e9rie narrada pelo ator Gon\u00e7alo Waddington, com banda sonora original de Samuel \u00daria. Pode ouvir\u00a0<a href=\"https:\/\/observador.pt\/programas\/a-eleio-mais-louca-de-sempre\/episodio-3-ele-nao-e-meu-irmao\/\" target=\"_blank\" rel=\"noopener nofollow\">aqui<\/a>, no\u00a0Observador, e tamb\u00e9m na\u00a0<a href=\"https:\/\/podcasts.apple.com\/pt\/podcast\/epis%C3%B3dio-3-ele-n%C3%A3o-%C3%A9-meu-irm%C3%A3o\/id1841273464?i=1000731696598\" target=\"_blank\" rel=\"noopener nofollow\">Apple Podcasts<\/a>, no\u00a0<a href=\"https:\/\/open.spotify.com\/episode\/46BVbcvVdeR0JAPt0QqY3V?si=66ce21905d6c443c\" target=\"_blank\" rel=\"noopener nofollow\">Spotify<\/a>\u00a0e no\u00a0<a href=\"https:\/\/music.youtube.com\/watch?v=FAhQNHEr5Tc&amp;si=yiJlZG-PAvTSgxsu\" target=\"_blank\" rel=\"noopener nofollow\">Youtube Music<\/a>. E pode ouvir o primeiro epis\u00f3dio\u00a0<a href=\"https:\/\/observador.pt\/programas\/a-eleio-mais-louca-de-sempre\/estreia-a-eleicao-mais-louca-de-sempre-episodio-1-apostamos-no-cavalo-errado\/\" rel=\"nofollow noopener\" target=\"_blank\">aqui<\/a>\u00a0e o segundo\u00a0<a href=\"https:\/\/observador.pt\/programas\/a-eleio-mais-louca-de-sempre\/episodio-2-uma-traicao-inesperada\/\" rel=\"nofollow noopener\" target=\"_blank\">aqui<\/a>]<\/strong><\/p>\n<p><a href=\"https:\/\/observador.pt\/programas\/a-eleio-mais-louca-de-sempre\/episodio-3-ele-nao-e-meu-irmao\/\" rel=\"nofollow noopener\" target=\"_blank\"><\/p>\n<p>        <img src=\"https:\/\/www.europesays.com\/pt\/wp-content\/uploads\/2025\/10\/770-a-eleicao-mais-louca-de-sempre-playicon.png\" alt=\"\" loading=\"lazy\" decoding=\"async\" class=\"alignnone\" onload=\"this.parentElement.classList.remove('spinner')\" onerror=\"this.parentElement.classList.remove('spinner')\" width=\"770\" height=\"433\"\/>    <\/p>\n<p><\/a><\/p>\n<p>            <script async src=\"https:\/\/platform.twitter.com\/widgets.js\" charset=\"utf-8\"><\/script><\/p>\n","protected":false},"excerpt":{"rendered":"Acompanhe o nosso liveblog sobre o conflito no M\u00e9dio Oriente.\u00a0 A coordenadora do Bloco de Esquerda, Mariana Mort\u00e1gua,&hellip;\n","protected":false},"author":2,"featured_media":112529,"comment_status":"","ping_status":"","sticky":false,"template":"","format":"standard","meta":{"footnotes":""},"categories":[50],"tags":[27,28,311,15,16,255,14,25,26,21,22,15057,62,12,13,19,20,302,23,24,17,18,29,30,31,63,64,65],"class_list":{"0":"post-112528","1":"post","2":"type-post","3":"status-publish","4":"format-standard","5":"has-post-thumbnail","7":"category-mundo","8":"tag-breaking-news","9":"tag-breakingnews","10":"tag-conflito-israelo-palestiniano","11":"tag-featured-news","12":"tag-featurednews","13":"tag-hamas","14":"tag-headlines","15":"tag-latest-news","16":"tag-latestnews","17":"tag-main-news","18":"tag-mainnews","19":"tag-mariana-mortu00e1gua","20":"tag-mundo","21":"tag-news","22":"tag-noticias","23":"tag-noticias-principais","24":"tag-noticiasprincipais","25":"tag-polu00edtica","26":"tag-principais-noticias","27":"tag-principaisnoticias","28":"tag-top-stories","29":"tag-topstories","30":"tag-ultimas","31":"tag-ultimas-noticias","32":"tag-ultimasnoticias","33":"tag-world","34":"tag-world-news","35":"tag-worldnews"},"share_on_mastodon":{"url":"","error":""},"_links":{"self":[{"href":"https:\/\/www.europesays.com\/pt\/wp-json\/wp\/v2\/posts\/112528","targetHints":{"allow":["GET"]}}],"collection":[{"href":"https:\/\/www.europesays.com\/pt\/wp-json\/wp\/v2\/posts"}],"about":[{"href":"https:\/\/www.europesays.com\/pt\/wp-json\/wp\/v2\/types\/post"}],"author":[{"embeddable":true,"href":"https:\/\/www.europesays.com\/pt\/wp-json\/wp\/v2\/users\/2"}],"replies":[{"embeddable":true,"href":"https:\/\/www.europesays.com\/pt\/wp-json\/wp\/v2\/comments?post=112528"}],"version-history":[{"count":0,"href":"https:\/\/www.europesays.com\/pt\/wp-json\/wp\/v2\/posts\/112528\/revisions"}],"wp:featuredmedia":[{"embeddable":true,"href":"https:\/\/www.europesays.com\/pt\/wp-json\/wp\/v2\/media\/112529"}],"wp:attachment":[{"href":"https:\/\/www.europesays.com\/pt\/wp-json\/wp\/v2\/media?parent=112528"}],"wp:term":[{"taxonomy":"category","embeddable":true,"href":"https:\/\/www.europesays.com\/pt\/wp-json\/wp\/v2\/categories?post=112528"},{"taxonomy":"post_tag","embeddable":true,"href":"https:\/\/www.europesays.com\/pt\/wp-json\/wp\/v2\/tags?post=112528"}],"curies":[{"name":"wp","href":"https:\/\/api.w.org\/{rel}","templated":true}]}}