{"id":112533,"date":"2025-10-16T00:49:07","date_gmt":"2025-10-16T00:49:07","guid":{"rendered":"https:\/\/www.europesays.com\/pt\/112533\/"},"modified":"2025-10-16T00:49:07","modified_gmt":"2025-10-16T00:49:07","slug":"a-fazenda-lukenia-confessa-tudo-e-encurralada-e-foge-com-laura-sob-ameaca-de-morte-novelas","status":"publish","type":"post","link":"https:\/\/www.europesays.com\/pt\/112533\/","title":{"rendered":"A Fazenda: Lukenia confessa tudo, \u00e9 encurralada e foge com Laura sob amea\u00e7a de morte &#8211; Novelas"},"content":{"rendered":"<p>Em \u00abA Fazenda\u00bb, Lukenia \u00a0(Rita Cruz), pensando estar sozinha com Laura, admite os seus crimes, tendo tramado Eva (Margarida Corceiro) com o v\u00eddeo. Gaspar (Nuno Lopes), Ivandro (Jorge Rizotti) e Janu\u00e1rio surgem de armas apontadas a Lukenia a dizer-lhe para se render. Lukenia agarra Laura rapidamente. Janu\u00e1rio \u00a0(Hoji\u00a0Fortuna) assume a Lukenia que ela sempre foi a mulher da sua vida, apelando-a a desistir. Lukenia hesita, mas logo se recomp\u00f5e e foge no jipe com Laura como ref\u00e9m. Janu\u00e1rio diz ter posto um localizador no jipe de Lukenia.<\/p>\n","protected":false},"excerpt":{"rendered":"Em \u00abA Fazenda\u00bb, Lukenia \u00a0(Rita Cruz), pensando estar sozinha com Laura, admite os seus crimes, tendo tramado Eva&hellip;\n","protected":false},"author":2,"featured_media":112534,"comment_status":"","ping_status":"","sticky":false,"template":"","format":"standard","meta":{"footnotes":""},"categories":[142],"tags":[657,160,166,114,115,157,167,164,2931,161,158,165,159,32,33,156,163,151,162],"class_list":{"0":"post-112533","1":"post","2":"type-post","3":"status-publish","4":"format-standard","5":"has-post-thumbnail","7":"category-tv","8":"tag-a-fazenda","9":"tag-ana-guiomar","10":"tag-cristina-ferreira","11":"tag-entertainment","12":"tag-entretenimento","13":"tag-festa-e-festa","14":"tag-ficcao","15":"tag-jose-fidalgo","16":"tag-novela","17":"tag-novelas","18":"tag-para-sempre","19":"tag-pedro-sousa","20":"tag-pedro-teixeira","21":"tag-portugal","22":"tag-pt","23":"tag-queridos-papas","24":"tag-tiago-teotonio-pereira","25":"tag-tv","26":"tag-tvi"},"share_on_mastodon":{"url":"","error":""},"_links":{"self":[{"href":"https:\/\/www.europesays.com\/pt\/wp-json\/wp\/v2\/posts\/112533","targetHints":{"allow":["GET"]}}],"collection":[{"href":"https:\/\/www.europesays.com\/pt\/wp-json\/wp\/v2\/posts"}],"about":[{"href":"https:\/\/www.europesays.com\/pt\/wp-json\/wp\/v2\/types\/post"}],"author":[{"embeddable":true,"href":"https:\/\/www.europesays.com\/pt\/wp-json\/wp\/v2\/users\/2"}],"replies":[{"embeddable":true,"href":"https:\/\/www.europesays.com\/pt\/wp-json\/wp\/v2\/comments?post=112533"}],"version-history":[{"count":0,"href":"https:\/\/www.europesays.com\/pt\/wp-json\/wp\/v2\/posts\/112533\/revisions"}],"wp:featuredmedia":[{"embeddable":true,"href":"https:\/\/www.europesays.com\/pt\/wp-json\/wp\/v2\/media\/112534"}],"wp:attachment":[{"href":"https:\/\/www.europesays.com\/pt\/wp-json\/wp\/v2\/media?parent=112533"}],"wp:term":[{"taxonomy":"category","embeddable":true,"href":"https:\/\/www.europesays.com\/pt\/wp-json\/wp\/v2\/categories?post=112533"},{"taxonomy":"post_tag","embeddable":true,"href":"https:\/\/www.europesays.com\/pt\/wp-json\/wp\/v2\/tags?post=112533"}],"curies":[{"name":"wp","href":"https:\/\/api.w.org\/{rel}","templated":true}]}}