{"id":112541,"date":"2025-10-16T00:53:08","date_gmt":"2025-10-16T00:53:08","guid":{"rendered":"https:\/\/www.europesays.com\/pt\/112541\/"},"modified":"2025-10-16T00:53:08","modified_gmt":"2025-10-16T00:53:08","slug":"10-dicas-para-proteger-as-criancas-da-gripe-na-primavera","status":"publish","type":"post","link":"https:\/\/www.europesays.com\/pt\/112541\/","title":{"rendered":"10 dicas para proteger as crian\u00e7as da gripe na primavera"},"content":{"rendered":"<p><img fetchpriority=\"high\" decoding=\"async\" class=\"w-fit lg:w-full\" loading=\"eager\" src=\"https:\/\/www.europesays.com\/pt\/wp-content\/uploads\/2025\/10\/5487822_13e5ff15d40f818.jpg\" title=\"Pixel-Shot \/ Shutterstock | Portal EdiCase\" alt=\"Pixel-Shot \/ Shutterstock | Portal EdiCase\" width=\"700\" height=\"477\"\/>A gripe em crian\u00e7as \u00e9 comum durante a primavera Pixel-Shot \/ Shutterstock | Portal EdiCase<\/p>\n<p>Na primavera, h\u00e1 um aumento nos casos de gripe (influenza) em crian\u00e7as. Isso porque h\u00e1 uma conjun\u00e7\u00e3o de fatores que favorecem a dissemina\u00e7\u00e3o dos v\u00edrus respirat\u00f3rios: tempo seco, mudan\u00e7as bruscas de temperatura e o contato intenso entre as crian\u00e7as nas escolas e atividades em grupo.<\/p>\n<p>\u201cEsta \u00e9poca do ano (setembro e outubro) representa um segundo pico de incid\u00eancia da doen\u00e7a, menor do que o registrado no outono, mas ainda preocupante\u201d, explica a Dra. Luciana Becker Mau, infectologista pedi\u00e1trica do Hospital Vila Nova Star, da Rede D\u2019Or.<\/p>\n<p><strong>Sintomas da gripe em crian\u00e7as<\/strong><\/p>\n<p>A gripe \u00e9 uma <strong>infec\u00e7\u00e3o viral<\/strong> aguda das vias respirat\u00f3rias, causada pelos v\u00edrus influenza, e pode provocar sintomas como febre, tosse, dor no corpo, cansa\u00e7o e congest\u00e3o nasal. Embora muitos casos sejam leves, \u00e9 importante redobrar a aten\u00e7\u00e3o aos sinais de alerta.<\/p>\n<p>\u201cOs pais devem procurar atendimento m\u00e9dico se a crian\u00e7a apresentar queda do estado geral mesmo ap\u00f3s o uso de medicamentos, dificuldade para respirar ou febre persistente por mais de tr\u00eas dias\u201d, orienta a Dra. Luciana Becker Mau.<\/p>\n<p><img decoding=\"async\" class=\"w-fit lg:w-full\" loading=\"eager\" src=\"https:\/\/www.europesays.com\/pt\/wp-content\/uploads\/2025\/10\/5487823_f975164a6ae2a32.jpg\" title=\"PeopleImages.com \u2013 Yuri A \/ Shutterstock | Portal EdiCase\" alt=\"PeopleImages.com \u2013 Yuri A \/ Shutterstock | Portal EdiCase\" width=\"700\" height=\"477\"\/>Cuidados b\u00e1sicos, como a vacina\u00e7\u00e3o, ajudam a proteger as crian\u00e7as da gripe PeopleImages.com \u2013 Yuri A \/ Shutterstock | Portal EdiCase<\/p>\n<p><strong>Prevenindo a gripe em crian\u00e7as<\/strong><\/p>\n<p>A preven\u00e7\u00e3o \u00e9 a principal forma de conter a propaga\u00e7\u00e3o da influenza e de outras <strong>infec\u00e7\u00f5es respirat\u00f3rias<\/strong>. \u201cA gripe pode parecer simples, mas, principalmente em crian\u00e7as pequenas, pode evoluir rapidamente. Cuidar da higiene, do isolamento e da vacina\u00e7\u00e3o \u00e9 essencial\u201d, ressalta a infectologista do Vila Nova Star.<\/p>\n<p>Abaixo, a especialista destaca algumas medidas fundamentais para proteger as crian\u00e7as da gripe:<\/p>\n<ul>\n<li class=\"unordered-list-item\">Evite enviar crian\u00e7as doentes \u00e0 escola, para reduzir o cont\u00e1gio entre colegas;<\/li>\n<li class=\"unordered-list-item\">Higienize as m\u00e3os com frequ\u00eancia, utilizando \u00e1gua e sab\u00e3o ou \u00e1lcool em gel;<\/li>\n<li class=\"unordered-list-item\">Pratique a etiqueta respirat\u00f3ria: use m\u00e1scara e cubra o rosto ao tossir ou espirrar;<\/li>\n<li class=\"unordered-list-item\">Mantenha os ambientes ventilados, abrindo janelas e evitando locais fechados ou com aglomera\u00e7\u00e3o;<\/li>\n<li class=\"unordered-list-item\">Limpe regularmente brinquedos e objetos de uso compartilhado;<\/li>\n<li class=\"unordered-list-item\">Garanta boa hidrata\u00e7\u00e3o, oferecendo \u00e1gua e l\u00edquidos com frequ\u00eancia;<\/li>\n<li class=\"unordered-list-item\">Incentive uma alimenta\u00e7\u00e3o equilibrada, rica em frutas, verduras e prote\u00ednas;<\/li>\n<li class=\"unordered-list-item\">Proteja a crian\u00e7a das <strong>mudan\u00e7as bruscas de temperatura<\/strong>, mantendo-a agasalhada em dias frios e evitando exposi\u00e7\u00e3o prolongada ao ar seco;<\/li>\n<li class=\"unordered-list-item\">Evite automedica\u00e7\u00e3o e procure orienta\u00e7\u00e3o m\u00e9dica ao perceber sinais de agravamento, principalmente em crian\u00e7as pequenas ou com doen\u00e7as cr\u00f4nicas;<\/li>\n<li class=\"unordered-list-item\">Mantenha a vacina\u00e7\u00e3o em dia.<\/li>\n<\/ul>\n<p>\u201cA vacina \u00e9 uma das principais formas de prote\u00e7\u00e3o contra a gripe e suas complica\u00e7\u00f5es. Vale lembrar que est\u00e1 em andamento uma campanha nacional de multivacina\u00e7\u00e3o, que \u00e9 uma \u00f3tima oportunidade para atualizar a <strong>caderneta vacinal das crian\u00e7as<\/strong> e proteg\u00ea-las de diversas doen\u00e7as\u201d, refor\u00e7a Fl\u00e1via Foronda, coordenadora m\u00e9dica da Pediatria Star.<\/p>\n","protected":false},"excerpt":{"rendered":"A gripe em crian\u00e7as \u00e9 comum durante a primavera Pixel-Shot \/ Shutterstock | Portal EdiCase Na primavera, h\u00e1&hellip;\n","protected":false},"author":2,"featured_media":112542,"comment_status":"","ping_status":"","sticky":false,"template":"","format":"standard","meta":{"footnotes":""},"categories":[86],"tags":[4227,116,32,33,117],"class_list":{"0":"post-112541","1":"post","2":"type-post","3":"status-publish","4":"format-standard","5":"has-post-thumbnail","7":"category-saude","8":"tag-edi-case","9":"tag-health","10":"tag-portugal","11":"tag-pt","12":"tag-saude"},"share_on_mastodon":{"url":"","error":""},"_links":{"self":[{"href":"https:\/\/www.europesays.com\/pt\/wp-json\/wp\/v2\/posts\/112541","targetHints":{"allow":["GET"]}}],"collection":[{"href":"https:\/\/www.europesays.com\/pt\/wp-json\/wp\/v2\/posts"}],"about":[{"href":"https:\/\/www.europesays.com\/pt\/wp-json\/wp\/v2\/types\/post"}],"author":[{"embeddable":true,"href":"https:\/\/www.europesays.com\/pt\/wp-json\/wp\/v2\/users\/2"}],"replies":[{"embeddable":true,"href":"https:\/\/www.europesays.com\/pt\/wp-json\/wp\/v2\/comments?post=112541"}],"version-history":[{"count":0,"href":"https:\/\/www.europesays.com\/pt\/wp-json\/wp\/v2\/posts\/112541\/revisions"}],"wp:featuredmedia":[{"embeddable":true,"href":"https:\/\/www.europesays.com\/pt\/wp-json\/wp\/v2\/media\/112542"}],"wp:attachment":[{"href":"https:\/\/www.europesays.com\/pt\/wp-json\/wp\/v2\/media?parent=112541"}],"wp:term":[{"taxonomy":"category","embeddable":true,"href":"https:\/\/www.europesays.com\/pt\/wp-json\/wp\/v2\/categories?post=112541"},{"taxonomy":"post_tag","embeddable":true,"href":"https:\/\/www.europesays.com\/pt\/wp-json\/wp\/v2\/tags?post=112541"}],"curies":[{"name":"wp","href":"https:\/\/api.w.org\/{rel}","templated":true}]}}