{"id":112545,"date":"2025-10-16T00:58:45","date_gmt":"2025-10-16T00:58:45","guid":{"rendered":"https:\/\/www.europesays.com\/pt\/112545\/"},"modified":"2025-10-16T00:58:45","modified_gmt":"2025-10-16T00:58:45","slug":"foi-uma-vitoria-agridoce-margarida-conquistou-a-junta-de-caminha-na-noite-em-que-o-filho-perdeu-a-camara","status":"publish","type":"post","link":"https:\/\/www.europesays.com\/pt\/112545\/","title":{"rendered":"&#8220;Foi uma vit\u00f3ria agridoce&#8221;: Margarida conquistou a junta de Caminha na noite em que o filho perdeu a c\u00e2mara"},"content":{"rendered":"<p>Margarida Lages foi eleita com 51,98 % dos votos (788). A OCP obteve 34,50% da vota\u00e7\u00e3o (523), o PCP-PEV 4,82% (73) e o Bloco de Esquerda 3,69% (56 votos). A assembleia de freguesia \u00e9 composta por nove mandatos: seis ficaram com o PS e tr\u00eas para a coliga\u00e7\u00e3o.<\/p>\n<p data-remotead-prev-elm=\"true\" data-remotead-elm-id=\"inread\">&#8220;Foi uma vit\u00f3ria agridoce, mas temos que a saber digerir&#8221;, comentou a presidente eleita, esta ter\u00e7a-feira, ao &#8220;Jornal de Not\u00edcias&#8221;, admitindo estar ainda a procurar refazer-se do balde de \u00e1gua fria de domingo. O resultado que ditou o pior cen\u00e1rio para o filho s\u00f3 chegou ao final de noite, ap\u00f3s uma disputada contagem de votos &#8220;taco a taco&#8221; para a c\u00e2mara, entre a OCP e o PS.<\/p>\n<p>Acesso exclusivo a assinantes<\/p>\n<p>Acesso ilimitado a conte\u00fados exclusivos<\/p>\n<p>Navega\u00e7\u00e3o sem publicidade intrusiva<\/p>\n<p>Vers\u00e3o digital do jornal, suplementos e revistas<\/p>\n","protected":false},"excerpt":{"rendered":"Margarida Lages foi eleita com 51,98 % dos votos (788). A OCP obteve 34,50% da vota\u00e7\u00e3o (523), o&hellip;\n","protected":false},"author":2,"featured_media":112546,"comment_status":"","ping_status":"","sticky":false,"template":"","format":"standard","meta":{"footnotes":""},"categories":[10],"tags":[27,28,26564,20661,17593,15,16,14,25,26,21,22,12,13,19,20,32,23,24,33,17,18,29,30,31],"class_list":{"0":"post-112545","1":"post","2":"type-post","3":"status-publish","4":"format-standard","5":"has-post-thumbnail","7":"category-portugal","8":"tag-breaking-news","9":"tag-breakingnews","10":"tag-caminha","11":"tag-concelho-caminha","12":"tag-eleicoes-autarquicas","13":"tag-featured-news","14":"tag-featurednews","15":"tag-headlines","16":"tag-latest-news","17":"tag-latestnews","18":"tag-main-news","19":"tag-mainnews","20":"tag-news","21":"tag-noticias","22":"tag-noticias-principais","23":"tag-noticiasprincipais","24":"tag-portugal","25":"tag-principais-noticias","26":"tag-principaisnoticias","27":"tag-pt","28":"tag-top-stories","29":"tag-topstories","30":"tag-ultimas","31":"tag-ultimas-noticias","32":"tag-ultimasnoticias"},"share_on_mastodon":{"url":"","error":""},"_links":{"self":[{"href":"https:\/\/www.europesays.com\/pt\/wp-json\/wp\/v2\/posts\/112545","targetHints":{"allow":["GET"]}}],"collection":[{"href":"https:\/\/www.europesays.com\/pt\/wp-json\/wp\/v2\/posts"}],"about":[{"href":"https:\/\/www.europesays.com\/pt\/wp-json\/wp\/v2\/types\/post"}],"author":[{"embeddable":true,"href":"https:\/\/www.europesays.com\/pt\/wp-json\/wp\/v2\/users\/2"}],"replies":[{"embeddable":true,"href":"https:\/\/www.europesays.com\/pt\/wp-json\/wp\/v2\/comments?post=112545"}],"version-history":[{"count":0,"href":"https:\/\/www.europesays.com\/pt\/wp-json\/wp\/v2\/posts\/112545\/revisions"}],"wp:featuredmedia":[{"embeddable":true,"href":"https:\/\/www.europesays.com\/pt\/wp-json\/wp\/v2\/media\/112546"}],"wp:attachment":[{"href":"https:\/\/www.europesays.com\/pt\/wp-json\/wp\/v2\/media?parent=112545"}],"wp:term":[{"taxonomy":"category","embeddable":true,"href":"https:\/\/www.europesays.com\/pt\/wp-json\/wp\/v2\/categories?post=112545"},{"taxonomy":"post_tag","embeddable":true,"href":"https:\/\/www.europesays.com\/pt\/wp-json\/wp\/v2\/tags?post=112545"}],"curies":[{"name":"wp","href":"https:\/\/api.w.org\/{rel}","templated":true}]}}