{"id":112547,"date":"2025-10-16T01:00:15","date_gmt":"2025-10-16T01:00:15","guid":{"rendered":"https:\/\/www.europesays.com\/pt\/112547\/"},"modified":"2025-10-16T01:00:15","modified_gmt":"2025-10-16T01:00:15","slug":"sean-diddy-combs-tera-regras-rigidas-para-cumprir-por-cinco-anos-apos-prisao-saiba-quais","status":"publish","type":"post","link":"https:\/\/www.europesays.com\/pt\/112547\/","title":{"rendered":"Sean &#8220;Diddy&#8221; Combs ter\u00e1 regras r\u00edgidas para cumprir por cinco anos ap\u00f3s pris\u00e3o; saiba quais"},"content":{"rendered":"<p>                                Ler resumo <\/p>\n<p>Sean &#8220;Diddy&#8221; Combs ter\u00e1 de cumprir cinco anos de liberdade supervisionada nos EUA, com regras que incluem participa\u00e7\u00e3o em programas de tratamento, restri\u00e7\u00f5es de contato com v\u00edtimas e fiscaliza\u00e7\u00e3o de suas casas, carros e pertences pelas autoridades.<\/p>\n<p>Nesta quarta-feira (15), a imprensa norte-americana divulgou detalhes da senten\u00e7a de <a href=\"https:\/\/hugogloss.uol.com.br\/tag\/sean-diddy-combs\/\" rel=\"nofollow noopener\" target=\"_blank\">Sean \u201cDiddy\u201d Combs<\/a>. Ap\u00f3s cumprir 4 anos e 2 meses de pris\u00e3o, o rapper ter\u00e1 de seguir algumas regras r\u00edgidas durante os cinco anos de liberdade supervisionada.<\/p>\n<p>Entre as exig\u00eancias, o cantor precisar\u00e1 se submeter a busca, ou seja, permitir que as autoridades fiscalizem sua casa, carro e pertences. De acordo com o <a href=\"https:\/\/hugogloss.uol.com.br\/tag\/tmz\/\" rel=\"nofollow noopener\" target=\"_blank\">TMZ<\/a>, o magnata tamb\u00e9m est\u00e1 proibido de manter qualquer contato com as v\u00edtimas do caso. Al\u00e9m disso, ele ter\u00e1 que participar de programas de tratamento ambulatorial voltados ao uso de drogas e \u00e0 sa\u00fade mental, seguindo a prescri\u00e7\u00e3o de medicamentos.<\/p>\n<p>Outro ponto importante \u00e9 a participa\u00e7\u00e3o obrigat\u00f3ria do m\u00fasico em um programa de viol\u00eancia dom\u00e9stica, em refer\u00eancia \u00e0 agress\u00e3o contra <a href=\"https:\/\/hugogloss.uol.com.br\/tag\/cassie-ventura\/\" rel=\"nofollow noopener\" target=\"_blank\">Cassie Ventura<\/a>. Em um v\u00eddeo, registrado em 2016 em um corredor de hotel em Los Angeles, Diddy aparece agredindo a ex-namorada.<\/p>\n<p> <img loading=\"lazy\" decoding=\"async\" class=\"size-large wp-image-1151518 img-fluid lazy\" alt=\"\" width=\"617\" height=\"347\" src=\"https:\/\/www.europesays.com\/pt\/wp-content\/uploads\/2025\/10\/FotoJet-1-2-617x347.jpg\"  \/>Diddy e Cassie se relacionaram por 10 anos. (Foto: Getty) <\/p>\n<p>As regras tamb\u00e9m incluem a proibi\u00e7\u00e3o de possuir, portar ou acessar armas de fogo e outros dispositivos perigosos. Durante a investiga\u00e7\u00e3o, as casas de Diddy em Miami, Los Angeles e Nova York foram vistoriadas, e v\u00e1rias armas foram apreendidas. Segundo os promotores do caso, algumas pistolas tinham os n\u00fameros de s\u00e9rie raspados.<\/p>\n<p> Continua depois da Publicidade <\/p>\n<p>Ainda n\u00e3o h\u00e1 confirma\u00e7\u00e3o sobre em qual penitenci\u00e1ria o magnata cumprir\u00e1 sua pena. O juiz sugeriu que seria melhor que ele permanecesse pr\u00f3ximo \u00e0 regi\u00e3o metropolitana de Nova York. A equipe de defesa de Diddy encontrou com um pedido de que ele fosse colocado na pris\u00e3o federal de seguran\u00e7a m\u00ednima FCI Fort Dix, em Nova Jersey.<\/p>\n<p><strong>Caso Sean Combs<\/strong><\/p>\n<p>Sean \u201cDiddy\u201d Combs foi considerado culpado de duas acusa\u00e7\u00f5es de transporte para fins de prostitui\u00e7\u00e3o, mas declarado inocente das acusa\u00e7\u00f5es mais graves, como tr\u00e1fico sexual e conspira\u00e7\u00e3o para extors\u00e3o. Enquanto a promotoria afirmava que a condena\u00e7\u00e3o recomendada pelo governo seria de 135 meses (pouco mais de 11 anos), a defesa de Combs defendia que o rapper deveria cumprir, no m\u00e1ximo, 14 meses de pris\u00e3o.<\/p>\n<p> <img loading=\"lazy\" decoding=\"async\" class=\"size-medium wp-image-1163486 img-fluid lazy\" alt=\"\" width=\"369\" height=\"499\" src=\"https:\/\/www.europesays.com\/pt\/wp-content\/uploads\/2025\/10\/GettyImages-1641349666-369x499.jpg\"  \/>Diddy foi considerado culpado de 2 das 5 acusa\u00e7\u00f5es pelas quais respondia (Foto: Getty) <\/p>\n<p>A senten\u00e7a, anunciada pelo juiz Arun Subramanian, condenou o cantor a 50 meses de pris\u00e3o, ou seja, 4 anos, 1 m\u00eas e 28 dias. Ele tamb\u00e9m precisar\u00e1 pagar uma multa de US$ 500.000 (R$ 2,6 milh\u00f5es). O magistrado n\u00e3o imp\u00f4s restitui\u00e7\u00e3o.<\/p>\n<p>                                                                    <a id=\"google-news\" class=\"google-news\" href=\"https:\/\/news.google.com\/publications\/CAAqBwgKMM6ViAswv82GAw?ceid=BR:pt-419&amp;amp;oc=3&amp;amp;hl=pt-BR&amp;amp;gl=BR\" target=\"_blank\" rel=\"nofollow noopener\"><\/p>\n<p>                                            Siga a <strong> Hugo Gloss no Google News<\/strong> e acompanhe nossos destaques<\/p>\n<p>                                    <\/a><\/p>\n","protected":false},"excerpt":{"rendered":"Ler resumo Sean &#8220;Diddy&#8221; Combs ter\u00e1 de cumprir cinco anos de liberdade supervisionada nos EUA, com regras que&hellip;\n","protected":false},"author":2,"featured_media":112548,"comment_status":"","ping_status":"","sticky":false,"template":"","format":"standard","meta":{"footnotes":""},"categories":[145],"tags":[211,210,22369,26565,114,115,32,33,22220],"class_list":{"0":"post-112547","1":"post","2":"type-post","3":"status-publish","4":"format-standard","5":"has-post-thumbnail","7":"category-celebridades","8":"tag-celebridades","9":"tag-celebrities","10":"tag-diddy","11":"tag-diddy-prisao","12":"tag-entertainment","13":"tag-entretenimento","14":"tag-portugal","15":"tag-pt","16":"tag-sean-diddy-combs"},"share_on_mastodon":{"url":"","error":""},"_links":{"self":[{"href":"https:\/\/www.europesays.com\/pt\/wp-json\/wp\/v2\/posts\/112547","targetHints":{"allow":["GET"]}}],"collection":[{"href":"https:\/\/www.europesays.com\/pt\/wp-json\/wp\/v2\/posts"}],"about":[{"href":"https:\/\/www.europesays.com\/pt\/wp-json\/wp\/v2\/types\/post"}],"author":[{"embeddable":true,"href":"https:\/\/www.europesays.com\/pt\/wp-json\/wp\/v2\/users\/2"}],"replies":[{"embeddable":true,"href":"https:\/\/www.europesays.com\/pt\/wp-json\/wp\/v2\/comments?post=112547"}],"version-history":[{"count":0,"href":"https:\/\/www.europesays.com\/pt\/wp-json\/wp\/v2\/posts\/112547\/revisions"}],"wp:featuredmedia":[{"embeddable":true,"href":"https:\/\/www.europesays.com\/pt\/wp-json\/wp\/v2\/media\/112548"}],"wp:attachment":[{"href":"https:\/\/www.europesays.com\/pt\/wp-json\/wp\/v2\/media?parent=112547"}],"wp:term":[{"taxonomy":"category","embeddable":true,"href":"https:\/\/www.europesays.com\/pt\/wp-json\/wp\/v2\/categories?post=112547"},{"taxonomy":"post_tag","embeddable":true,"href":"https:\/\/www.europesays.com\/pt\/wp-json\/wp\/v2\/tags?post=112547"}],"curies":[{"name":"wp","href":"https:\/\/api.w.org\/{rel}","templated":true}]}}