{"id":112549,"date":"2025-10-16T01:04:10","date_gmt":"2025-10-16T01:04:10","guid":{"rendered":"https:\/\/www.europesays.com\/pt\/112549\/"},"modified":"2025-10-16T01:04:10","modified_gmt":"2025-10-16T01:04:10","slug":"paginas-da-vida-ganha-nova-versao-20-anos-depois","status":"publish","type":"post","link":"https:\/\/www.europesays.com\/pt\/112549\/","title":{"rendered":"P\u00e1ginas da Vida ganha nova vers\u00e3o 20 anos depois"},"content":{"rendered":"<p>A Globo anunciou que a emissora portuguesa SIC far\u00e1 um remake de P\u00e1ginas da Vida (2006), novela escrita por Manoel Carlos e protagonizada por Regina Duarte. O canal da fam\u00edlia Marinho est\u00e1 abrindo um centro de neg\u00f3cios em Lisboa e expandindo seus relacionamentos com compradores na Europa, Oriente M\u00e9dio e \u00c1frica.<\/p>\n<p>De acordo com os executivos que est\u00e3o no comando dos projetos, a inten\u00e7\u00e3o \u00e9 criar uma nova estrutura de vendas. Enquanto uma equipe permanece sediada no Brasil e focada nas rela\u00e7\u00f5es com a Am\u00e9rica Latina, Am\u00e9rica do Norte e \u00c1sia, outro grupo estar\u00e1 neste hub de neg\u00f3cios para a EMEA, permitindo a proximidade com outros territ\u00f3rios.<\/p>\n<p>+\u00a0<a href=\"https:\/\/natelinha.uol.com.br\/televisao\/2025\/10\/15\/renata-vanzetto-rompe-o-silencio-apos-polemica-com-o-masterchef-paola-carosella-sai-em-defesa-232683.php\" rel=\"nofollow noopener\" target=\"_blank\">Renata Vanzetto rompe o sil\u00eancio ap\u00f3s pol\u00eamica com o MasterChef; Paola Carosella sai em defesa<\/a><\/p>\n<p>continua depois da publicidade<\/p>\n<p>+\u00a0<a href=\"https:\/\/natelinha.uol.com.br\/famosos\/2025\/10\/15\/chiquinho-scarpa-e-condenado-por-divida-e-justica-encontra-r-34-na-conta-diz-advogada-232682.php\" rel=\"nofollow noopener\" target=\"_blank\">Chiquinho Scarpa \u00e9 condenado por d\u00edvida e Justi\u00e7a encontra R$ 34 na conta, diz advogada<\/a><\/p>\n<p>&#8220;Estamos convencidos de que h\u00e1 espa\u00e7o para a nossa s\u00e9rie na Europa, mas, para isso, precisamos estar pr\u00f3ximos do mercado. \u00c9 uma aposta, mas estamos confiantes de que h\u00e1 uma grande oportunidade&#8221;, adiantou Angela Colla, diretora internacional da <a href=\"https:\/\/natelinha.uol.com.br\/televisao\/emissoras\/globo\" rel=\"nofollow noopener\" target=\"_blank\">Globo<\/a>.<\/p>\n<p>Recentemente, no MIPCOM, em Cannes, a empresa divulgou a venda da novela Todas as Flores (2022) e de Xuxa, O Document\u00e1rio para o canal argentino Telefe. A emissora ainda falou de negocia\u00e7\u00f5es com os EUA e a Gr\u00e9cia.\u00a0A ex-v\u00eanus platinada tamb\u00e9m est\u00e1 atuando em <a href=\"https:\/\/natelinha.uol.com.br\/series\/2025\/10\/12\/globo-anuncia-co-producao-com-criador-de-euphoria-para-serie-teen-que-mistura-cisne-negro-e-whiplash-232538.php\" rel=\"nofollow noopener\" target=\"_blank\">co-produ\u00e7\u00e3o com o criador de Euphoria para uma s\u00e9rie teen que mistura Cisne Negro e Whiplash.<\/a><\/p>\n<p>continua depois da publicidade<\/p>\n<p>P\u00e1ginas da Vida\u00a0abordou os preconceitos da sociedade<\/p>\n<p><img decoding=\"async\" loading=\"lazy\" class=\"horizontal\" src=\"https:\/\/www.europesays.com\/pt\/wp-content\/uploads\/2025\/10\/h2-paginas-da-vida-ganhara-nova-versao-apos-20-anos_8087.jpeg\" alt=\"L\u00edlia Cabral e Fernanda Vasconcellos em cena de P\u00e1ginas da Vida\" width=\"1240\" height=\"719\"\/><\/p>\n<p>Ambientada no Rio de Janeiro, P\u00e1ginas da Vida fez um retrato do dia a dia de homens, mulheres, crian\u00e7as e adolescentes, tendo como eixo central o debate sobre a s\u00edndrome de Down e os preconceitos da sociedade contra a defici\u00eancia.<\/p>\n<p>A trama foi protagonizada por <a href=\"https:\/\/natelinha.uol.com.br\/famosos\/tudo-sobre\/regina-duarte\" rel=\"nofollow noopener\" target=\"_blank\">Regina Duarte<\/a>, que deu vida a Helena, uma m\u00e9dica obstetra que adota uma rec\u00e9m-nascida com s\u00edndrome de Down que ficou \u00f3rf\u00e3 e foi rejeitada pela av\u00f3. A vil\u00e3, Marta (<a href=\"https:\/\/natelinha.uol.com.br\/famosos\/tudo-sobre\/lilia-cabral\" rel=\"nofollow noopener\" target=\"_blank\">Lilia Cabral<\/a>), optou por criar apenas o irm\u00e3o g\u00eameo da menina.<\/p>\n<p>Outros temas, como o alcoolismo, a bulimia e o racismo tamb\u00e9m foram retratados no folhetim.<\/p>\n<p>continua depois da publicidade<\/p>\n","protected":false},"excerpt":{"rendered":"A Globo anunciou que a emissora portuguesa SIC far\u00e1 um remake de P\u00e1ginas da Vida (2006), novela escrita&hellip;\n","protected":false},"author":2,"featured_media":112550,"comment_status":"","ping_status":"","sticky":false,"template":"","format":"standard","meta":{"footnotes":""},"categories":[142],"tags":[114,115,753,26566,32,33,1751,151],"class_list":{"0":"post-112549","1":"post","2":"type-post","3":"status-publish","4":"format-standard","5":"has-post-thumbnail","7":"category-tv","8":"tag-entertainment","9":"tag-entretenimento","10":"tag-globo","11":"tag-paginas-da-vida","12":"tag-portugal","13":"tag-pt","14":"tag-sic","15":"tag-tv"},"share_on_mastodon":{"url":"","error":""},"_links":{"self":[{"href":"https:\/\/www.europesays.com\/pt\/wp-json\/wp\/v2\/posts\/112549","targetHints":{"allow":["GET"]}}],"collection":[{"href":"https:\/\/www.europesays.com\/pt\/wp-json\/wp\/v2\/posts"}],"about":[{"href":"https:\/\/www.europesays.com\/pt\/wp-json\/wp\/v2\/types\/post"}],"author":[{"embeddable":true,"href":"https:\/\/www.europesays.com\/pt\/wp-json\/wp\/v2\/users\/2"}],"replies":[{"embeddable":true,"href":"https:\/\/www.europesays.com\/pt\/wp-json\/wp\/v2\/comments?post=112549"}],"version-history":[{"count":0,"href":"https:\/\/www.europesays.com\/pt\/wp-json\/wp\/v2\/posts\/112549\/revisions"}],"wp:featuredmedia":[{"embeddable":true,"href":"https:\/\/www.europesays.com\/pt\/wp-json\/wp\/v2\/media\/112550"}],"wp:attachment":[{"href":"https:\/\/www.europesays.com\/pt\/wp-json\/wp\/v2\/media?parent=112549"}],"wp:term":[{"taxonomy":"category","embeddable":true,"href":"https:\/\/www.europesays.com\/pt\/wp-json\/wp\/v2\/categories?post=112549"},{"taxonomy":"post_tag","embeddable":true,"href":"https:\/\/www.europesays.com\/pt\/wp-json\/wp\/v2\/tags?post=112549"}],"curies":[{"name":"wp","href":"https:\/\/api.w.org\/{rel}","templated":true}]}}