{"id":112564,"date":"2025-10-16T01:19:15","date_gmt":"2025-10-16T01:19:15","guid":{"rendered":"https:\/\/www.europesays.com\/pt\/112564\/"},"modified":"2025-10-16T01:19:15","modified_gmt":"2025-10-16T01:19:15","slug":"radio-educadora-fm-dois-vizinhos-pr-14","status":"publish","type":"post","link":"https:\/\/www.europesays.com\/pt\/112564\/","title":{"rendered":"R\u00e1dio Educadora FM &#8211; Dois Vizinhos PR."},"content":{"rendered":"<p>\n                            Vilmar Nunes, de 32 anos, estava desaparecido desde segunda-feira, dia 13 de outubro                        <\/p>\n<p style=\"text-align: justify;\">Um homem que estava desaparecido desde a \u00faltima segunda-feira (13) em Santa Izabel D\u00b4Oeste, foi encontrado sem vida, na madrugada desta quarta-feira (15), por volta das 2h30, no bairro Alto da Colina, em Santa Izabel D\u00b4Oeste.<br \/>A v\u00edtima foi oficialmente identificada como Vilmar Nunes, de 32 anos.<br \/>Segundo informa\u00e7\u00f5es, familiares localizaram o corpo e acionaram os \u00f3rg\u00e3os de seguran\u00e7a p\u00fablica. Equipes da Pol\u00edcia Militar e Pol\u00edcia Civil estiveram no local, realizando os procedimentos cab\u00edveis e acionaram o Servi\u00e7o M\u00e9dico Legal.<br \/>O corpo de Vilmar foi recolhido e encaminhado a Francisco Beltr\u00e3o onde passar\u00e1 por exames periciais antes de ser liberado para os atos f\u00fanebres. As autoridades competentes investigam o caso.<br \/>Rep\u00f3rter Islan Roque\/Portal Educadora<br \/>Com informa\u00e7\u00f5es da R\u00e1dio Dan\u00fabio Azul<\/p>\n","protected":false},"excerpt":{"rendered":"Vilmar Nunes, de 32 anos, estava desaparecido desde segunda-feira, dia 13 de outubro Um homem que estava desaparecido&hellip;\n","protected":false},"author":2,"featured_media":112565,"comment_status":"","ping_status":"","sticky":false,"template":"","format":"standard","meta":{"footnotes":""},"categories":[141],"tags":[3050,3056,3054,3055,3051,3052,114,115,1914,1915,149,150,3053,32,33,766],"class_list":{"0":"post-112564","1":"post","2":"type-post","3":"status-publish","4":"format-standard","5":"has-post-thumbnail","7":"category-musica","8":"tag-am","9":"tag-ao-vivo","10":"tag-dois-vizinhos","11":"tag-doisvizinhos","12":"tag-educadora","13":"tag-educadoradv","14":"tag-entertainment","15":"tag-entretenimento","16":"tag-fm","17":"tag-mp3","18":"tag-music","19":"tag-musica","20":"tag-player","21":"tag-portugal","22":"tag-pt","23":"tag-radio"},"share_on_mastodon":{"url":"","error":""},"_links":{"self":[{"href":"https:\/\/www.europesays.com\/pt\/wp-json\/wp\/v2\/posts\/112564","targetHints":{"allow":["GET"]}}],"collection":[{"href":"https:\/\/www.europesays.com\/pt\/wp-json\/wp\/v2\/posts"}],"about":[{"href":"https:\/\/www.europesays.com\/pt\/wp-json\/wp\/v2\/types\/post"}],"author":[{"embeddable":true,"href":"https:\/\/www.europesays.com\/pt\/wp-json\/wp\/v2\/users\/2"}],"replies":[{"embeddable":true,"href":"https:\/\/www.europesays.com\/pt\/wp-json\/wp\/v2\/comments?post=112564"}],"version-history":[{"count":0,"href":"https:\/\/www.europesays.com\/pt\/wp-json\/wp\/v2\/posts\/112564\/revisions"}],"wp:featuredmedia":[{"embeddable":true,"href":"https:\/\/www.europesays.com\/pt\/wp-json\/wp\/v2\/media\/112565"}],"wp:attachment":[{"href":"https:\/\/www.europesays.com\/pt\/wp-json\/wp\/v2\/media?parent=112564"}],"wp:term":[{"taxonomy":"category","embeddable":true,"href":"https:\/\/www.europesays.com\/pt\/wp-json\/wp\/v2\/categories?post=112564"},{"taxonomy":"post_tag","embeddable":true,"href":"https:\/\/www.europesays.com\/pt\/wp-json\/wp\/v2\/tags?post=112564"}],"curies":[{"name":"wp","href":"https:\/\/api.w.org\/{rel}","templated":true}]}}