{"id":112637,"date":"2025-10-16T02:33:10","date_gmt":"2025-10-16T02:33:10","guid":{"rendered":"https:\/\/www.europesays.com\/pt\/112637\/"},"modified":"2025-10-16T02:33:10","modified_gmt":"2025-10-16T02:33:10","slug":"dispensado-por-taylor-swift-e-lorde-jack-antonoff-trabalha-com-charli-xcx","status":"publish","type":"post","link":"https:\/\/www.europesays.com\/pt\/112637\/","title":{"rendered":"Dispensado por Taylor Swift e Lorde, Jack Antonoff trabalha com Charli XCX"},"content":{"rendered":"<p>O compositor e produtor <strong>Jack Antonoff,<\/strong> vencedor de 11 Grammys, est\u00e1 trabalhando com <strong>Charli XCX<\/strong> <a href=\"https:\/\/portalpopline.com.br\/lorde-rompe-jack-antonoff-virgin\/\" target=\"_blank\" rel=\"noopener nofollow\">ap\u00f3s ter sido dispensado por<strong> Taylor Swift<\/strong> e<strong> Lorde<\/strong><\/a>. As duas cantoras, que eram suas parceiras habituais h\u00e1 anos, optaram por trabalhar com outros colaboradores em seus recentes \u00e1lbuns <strong>\u201cThe Life of a Showgirl\u201d<\/strong> e <strong>\u201cVirgin\u201d<\/strong>.<\/p>\n<p><img loading=\"lazy\" decoding=\"async\" aria-describedby=\"caption-attachment-999815\" class=\"size-full wp-image-999815\" src=\"data:image\/svg+xml,%3Csvg%20xmlns=\" http:=\"\" alt=\"Dispensado por Taylor Swift e Lorde, Jack Antonoff trabalha com Charli XCX\" width=\"1680\" height=\"932\" data-lazy-src=\"https:\/\/www.europesays.com\/pt\/wp-content\/uploads\/2025\/10\/jack-antonoff-charli-xcx.jpg\"\/><\/p>\n<p id=\"caption-attachment-999815\" class=\"wp-caption-text\">(Foto: Divulga\u00e7\u00e3o)<\/p>\n<p>Mas <strong>Charli<\/strong> se mant\u00e9m fiel. Os dois desenvolveram m\u00fasicas para o filme<strong> \u201cEntre Notas e Costuras\u201d<\/strong> (Mother Mary), ainda in\u00e9dito e sem previs\u00e3o de estreia. \u201cEst\u00e1vamos fazendo m\u00fasicas que n\u00e3o acho que algum dia entrariam [em minha discografia], mas ainda s\u00e3o m\u00fasicas que eu verdadeiramente amo\u201d, a inglesa disse \u00e0 revista <a href=\"https:\/\/www.vanityfair.com\/hollywood\/story\/charli-xcx-interview\" target=\"_blank\" rel=\"noopener nofollow\">Vanity Fair<\/a>. A parceria entre eles para a trilha do filme est\u00e1 anunciada desde 2023.<\/p>\n<p><strong>Charli XCX<\/strong> e<strong> Jack Antonoff<\/strong> se conhecem h\u00e1 mais de dez anos. Os dois fizeram uma turn\u00ea conjunta em 2015, a <strong>\u201cCharli and Jack Do America Tour\u201d<\/strong>, com 13 shows nos Estados Unidos. Mas eles nunca lan\u00e7aram m\u00fasicas juntos.<\/p>\n<p><img loading=\"lazy\" decoding=\"async\" aria-describedby=\"caption-attachment-999816\" class=\"size-full wp-image-999816\" src=\"data:image\/svg+xml,%3Csvg%20xmlns=\" http:=\"\" alt=\"Dispensado por Taylor Swift e Lorde, Jack Antonoff trabalha com Charli XCX\" width=\"1200\" height=\"675\" data-lazy-src=\"https:\/\/www.europesays.com\/pt\/wp-content\/uploads\/2025\/10\/charli-xcx-jack-antonoff.jpg\"\/><\/p>\n<p id=\"caption-attachment-999816\" class=\"wp-caption-text\">(Foto: Divulga\u00e7\u00e3o \/ Apple Music)<\/p>\n<p>Como produtor, compositor ou m\u00fasico, <strong>Jack Antonoff<\/strong> j\u00e1 colocou 11 m\u00fasicas no topo da parada dos Estados Unidos. <a href=\"https:\/\/portalpopline.com.br\/5-detalhes-mans-best-friend-sabrina-carpenter\/\" target=\"_blank\" rel=\"noopener nofollow\">Os \u00faltimos foram com <strong>Sabrina Carpenter<\/strong>, \u201cPlease Please Please\u201d e \u201cManchild\u201d, <\/a>mas a maioria foi com os anos de trabalho com <strong>Taylor Swift<\/strong>.<\/p>\n<p>Por que Lorde e Taylor Swift dispensaram Jack Antonoff?<\/p>\n<p><strong>Lorde<\/strong> decidiu fazer algo diferente ap\u00f3s as cr\u00edticas ao \u00e1lbum<strong> \u201cSolar Power\u201d<\/strong> (2021). Os coment\u00e1rios davam conta que ela havia feito \u201cum \u00e1lbum de Jack Antonoff\u201d, o que n\u00e3o agradou a artista. Ela defendeu, na \u00e9poca, que aquele era \u201cum \u00e1lbum da Lorde\u201d, mas ao lan\u00e7ar o <strong>\u201cVirgin\u201d<\/strong> admitiu que o disco anterior n\u00e3o a representava. \u201cMe esconder e me tornar toda et\u00e9rea\u2026 Pensei: \u2018na verdade, acho que isso n\u00e3o sou eu\u201d, disse em uma entrevista.<\/p>\n<p>J\u00e1 a parceria de<strong> Taylor Swift<\/strong> e <strong>Jack Antonoff<\/strong> foi mais do que positiva. Eles ganharam juntos o Grammy de \u00e1lbum do ano tr\u00eas vezes. Mesmo o \u00faltimo disco que fizeram juntos, <strong>\u201cThe Tortured Poets Department\u201d<\/strong>, embora n\u00e3o tenha sido premiado, passou 17 semanas no topo da Billboard 200. Um \u00eaxito. <a href=\"https:\/\/portalpopline.com.br\/10-fatos-the-life-of-a-showgirl-12o-album-taylor-swift\/\" target=\"_blank\" rel=\"noopener nofollow\">Mas ela decidiu que queria fazer um \u00e1lbum s\u00f3 com <strong>Max Martin<\/strong> e <strong>Shellback<\/strong> desta vez<\/a>.<\/p>\n","protected":false},"excerpt":{"rendered":"O compositor e produtor Jack Antonoff, vencedor de 11 Grammys, est\u00e1 trabalhando com Charli XCX ap\u00f3s ter sido&hellip;\n","protected":false},"author":2,"featured_media":112638,"comment_status":"","ping_status":"","sticky":false,"template":"","format":"standard","meta":{"footnotes":""},"categories":[141],"tags":[12782,470,1941,114,26573,115,471,26574,26575,149,150,274,1944,571,32,33,7729],"class_list":{"0":"post-112637","1":"post","2":"type-post","3":"status-publish","4":"format-standard","5":"has-post-thumbnail","7":"category-musica","8":"tag-charli-xcx","9":"tag-cinema","10":"tag-colaboracao","11":"tag-entertainment","12":"tag-entre-notas-e-costuras","13":"tag-entretenimento","14":"tag-filme","15":"tag-jack-antonoff","16":"tag-mother-mary","17":"tag-music","18":"tag-musica","19":"tag-musica-pop","20":"tag-parceria","21":"tag-plantao","22":"tag-portugal","23":"tag-pt","24":"tag-trilha-sonora"},"share_on_mastodon":{"url":"","error":""},"_links":{"self":[{"href":"https:\/\/www.europesays.com\/pt\/wp-json\/wp\/v2\/posts\/112637","targetHints":{"allow":["GET"]}}],"collection":[{"href":"https:\/\/www.europesays.com\/pt\/wp-json\/wp\/v2\/posts"}],"about":[{"href":"https:\/\/www.europesays.com\/pt\/wp-json\/wp\/v2\/types\/post"}],"author":[{"embeddable":true,"href":"https:\/\/www.europesays.com\/pt\/wp-json\/wp\/v2\/users\/2"}],"replies":[{"embeddable":true,"href":"https:\/\/www.europesays.com\/pt\/wp-json\/wp\/v2\/comments?post=112637"}],"version-history":[{"count":0,"href":"https:\/\/www.europesays.com\/pt\/wp-json\/wp\/v2\/posts\/112637\/revisions"}],"wp:featuredmedia":[{"embeddable":true,"href":"https:\/\/www.europesays.com\/pt\/wp-json\/wp\/v2\/media\/112638"}],"wp:attachment":[{"href":"https:\/\/www.europesays.com\/pt\/wp-json\/wp\/v2\/media?parent=112637"}],"wp:term":[{"taxonomy":"category","embeddable":true,"href":"https:\/\/www.europesays.com\/pt\/wp-json\/wp\/v2\/categories?post=112637"},{"taxonomy":"post_tag","embeddable":true,"href":"https:\/\/www.europesays.com\/pt\/wp-json\/wp\/v2\/tags?post=112637"}],"curies":[{"name":"wp","href":"https:\/\/api.w.org\/{rel}","templated":true}]}}