{"id":112794,"date":"2025-10-16T07:08:10","date_gmt":"2025-10-16T07:08:10","guid":{"rendered":"https:\/\/www.europesays.com\/pt\/112794\/"},"modified":"2025-10-16T07:08:10","modified_gmt":"2025-10-16T07:08:10","slug":"presidente-do-fenerbahce-critica-mourinho-afetou-negativamente-a-equipa","status":"publish","type":"post","link":"https:\/\/www.europesays.com\/pt\/112794\/","title":{"rendered":"Presidente do Fenerbah\u00e7e critica Mourinho: \u00abAfetou negativamente a equipa\u00bb"},"content":{"rendered":"<p style=\"margin-bottom:11px\">Sadettin Saran, novo presidente do Fenerbah\u00e7e, deixou duras cr\u00edticas a Jos\u00e9 Mourinho pelo trabalho do treinador portugu\u00eas no clube turco, sobretudo na pr\u00e9-temporada.<\/p>\n<p>\u00abDurante o per\u00edodo com Jos\u00e9 Mourinho, houve um est\u00e1gio de pr\u00e9-\u00e9poca muito mau em Portugal, cujos efeitos ainda s\u00e3o vis\u00edveis. Isso afetou negativamente a prepara\u00e7\u00e3o f\u00edsica e mental da equipa. No est\u00e1gio em Portugal, realizava-se apenas um treino por dia. Isso n\u00e3o pode ser! N\u00e3o vai acontecer de novo\u00bb, disse Saran, que sucedeu a Ali Ko\u00e7 em setembro, j\u00e1 depois da sa\u00edda de Mourinho.<\/p>\n<p>O Fenerbah\u00e7e ocupa o quarto lugar no campeonato turco e \u00e9 comandado, atualmente, pelo belga Domenico Tedesco.<\/p>\n","protected":false},"excerpt":{"rendered":"Sadettin Saran, novo presidente do Fenerbah\u00e7e, deixou duras cr\u00edticas a Jos\u00e9 Mourinho pelo trabalho do treinador portugu\u00eas no&hellip;\n","protected":false},"author":2,"featured_media":112795,"comment_status":"","ping_status":"","sticky":false,"template":"","format":"standard","meta":{"footnotes":""},"categories":[87],"tags":[51,135,918,82,1385,46,7864,32,33,47,14788,134],"class_list":{"0":"post-112794","1":"post","2":"type-post","3":"status-publish","4":"format-standard","5":"has-post-thumbnail","7":"category-desporto","8":"tag-benfica","9":"tag-desporto","10":"tag-fenerbahce","11":"tag-internacional","12":"tag-jose-mourinho","13":"tag-maisfutebol","14":"tag-mourinho","15":"tag-portugal","16":"tag-pt","17":"tag-pura-paixao","18":"tag-sadettin-saran","19":"tag-sports"},"share_on_mastodon":{"url":"","error":""},"_links":{"self":[{"href":"https:\/\/www.europesays.com\/pt\/wp-json\/wp\/v2\/posts\/112794","targetHints":{"allow":["GET"]}}],"collection":[{"href":"https:\/\/www.europesays.com\/pt\/wp-json\/wp\/v2\/posts"}],"about":[{"href":"https:\/\/www.europesays.com\/pt\/wp-json\/wp\/v2\/types\/post"}],"author":[{"embeddable":true,"href":"https:\/\/www.europesays.com\/pt\/wp-json\/wp\/v2\/users\/2"}],"replies":[{"embeddable":true,"href":"https:\/\/www.europesays.com\/pt\/wp-json\/wp\/v2\/comments?post=112794"}],"version-history":[{"count":0,"href":"https:\/\/www.europesays.com\/pt\/wp-json\/wp\/v2\/posts\/112794\/revisions"}],"wp:featuredmedia":[{"embeddable":true,"href":"https:\/\/www.europesays.com\/pt\/wp-json\/wp\/v2\/media\/112795"}],"wp:attachment":[{"href":"https:\/\/www.europesays.com\/pt\/wp-json\/wp\/v2\/media?parent=112794"}],"wp:term":[{"taxonomy":"category","embeddable":true,"href":"https:\/\/www.europesays.com\/pt\/wp-json\/wp\/v2\/categories?post=112794"},{"taxonomy":"post_tag","embeddable":true,"href":"https:\/\/www.europesays.com\/pt\/wp-json\/wp\/v2\/tags?post=112794"}],"curies":[{"name":"wp","href":"https:\/\/api.w.org\/{rel}","templated":true}]}}