{"id":112810,"date":"2025-10-16T07:33:09","date_gmt":"2025-10-16T07:33:09","guid":{"rendered":"https:\/\/www.europesays.com\/pt\/112810\/"},"modified":"2025-10-16T07:33:09","modified_gmt":"2025-10-16T07:33:09","slug":"fico-mesmo-excitado-fico-logo-maluco","status":"publish","type":"post","link":"https:\/\/www.europesays.com\/pt\/112810\/","title":{"rendered":"Fico mesmo excitado, fico logo maluco&#8230;"},"content":{"rendered":"<p>\t\t\t\t\t\t\t\t\t\t\t\t\t\tPedro Jorge e Marisa s\u00e3o marido e mulher, mas nenhum dos colegas, da \u201cCasa dos Segredos\u201d, desconfia desta forte liga\u00e7\u00e3o.<\/p>\n<p>Os dois concorrentes t\u00eam feito um \u201cbrilharete\u201d na defesa do segredo, com um jogo gradual e bastante contido, no que toca ao romance.<\/p>\n<p>Contudo, esta semana o casal est\u00e1 mais desinibido e na tarde desta quarta-feira, 15 de outubro, ficaram a s\u00f3s \u2013 a conversar \u2013 no jardim.<\/p>\n<p>Pedro Jorge aproveitou a oportunidade para lan\u00e7ar uma provoca\u00e7\u00e3o \u00e0 mulher: <strong>\u201cHoje ainda n\u00e3o tomaste banho, n\u00e3o mudaste de roupa\u2026 ontem gostei de te ver a tomar banho\u201d<\/strong>.<\/p>\n<p>O concorrente foi mais longe e atirou: <strong>\u201cFico logo maluco, fico doido\u201d<\/strong> \u2013 e prosseguiu, tentando disfar\u00e7ar: <strong>\u201cFico mesmo excitado com este \u201cjogo\u201d, esquece, todos os dias acordo e\u2026\u201d<\/strong>.<\/p>\n<p><a href=\"https:\/\/tvi.iol.pt\/secretstory\/videos\/pedro-jorge-e-marisa-em-clima-intenso-ontem-gostei-de-te-ver-a-tomar-banho\/68efd2060cf285ab53a61248\" rel=\"nofollow noopener\" target=\"_blank\">Veja o momento aqui.<\/a><\/p>\n","protected":false},"excerpt":{"rendered":"Pedro Jorge e Marisa s\u00e3o marido e mulher, mas nenhum dos colegas, da \u201cCasa dos Segredos\u201d, desconfia desta&hellip;\n","protected":false},"author":2,"featured_media":112811,"comment_status":"","ping_status":"","sticky":false,"template":"","format":"standard","meta":{"footnotes":""},"categories":[142],"tags":[2632,114,115,19184,21416,32,33,16686,151,162],"class_list":{"0":"post-112810","1":"post","2":"type-post","3":"status-publish","4":"format-standard","5":"has-post-thumbnail","7":"category-tv","8":"tag-casa-dos-segredos","9":"tag-entertainment","10":"tag-entretenimento","11":"tag-marisa","12":"tag-pedro-jorge","13":"tag-portugal","14":"tag-pt","15":"tag-secret-story-9","16":"tag-tv","17":"tag-tvi"},"share_on_mastodon":{"url":"","error":""},"_links":{"self":[{"href":"https:\/\/www.europesays.com\/pt\/wp-json\/wp\/v2\/posts\/112810","targetHints":{"allow":["GET"]}}],"collection":[{"href":"https:\/\/www.europesays.com\/pt\/wp-json\/wp\/v2\/posts"}],"about":[{"href":"https:\/\/www.europesays.com\/pt\/wp-json\/wp\/v2\/types\/post"}],"author":[{"embeddable":true,"href":"https:\/\/www.europesays.com\/pt\/wp-json\/wp\/v2\/users\/2"}],"replies":[{"embeddable":true,"href":"https:\/\/www.europesays.com\/pt\/wp-json\/wp\/v2\/comments?post=112810"}],"version-history":[{"count":0,"href":"https:\/\/www.europesays.com\/pt\/wp-json\/wp\/v2\/posts\/112810\/revisions"}],"wp:featuredmedia":[{"embeddable":true,"href":"https:\/\/www.europesays.com\/pt\/wp-json\/wp\/v2\/media\/112811"}],"wp:attachment":[{"href":"https:\/\/www.europesays.com\/pt\/wp-json\/wp\/v2\/media?parent=112810"}],"wp:term":[{"taxonomy":"category","embeddable":true,"href":"https:\/\/www.europesays.com\/pt\/wp-json\/wp\/v2\/categories?post=112810"},{"taxonomy":"post_tag","embeddable":true,"href":"https:\/\/www.europesays.com\/pt\/wp-json\/wp\/v2\/tags?post=112810"}],"curies":[{"name":"wp","href":"https:\/\/api.w.org\/{rel}","templated":true}]}}