{"id":112818,"date":"2025-10-16T07:42:37","date_gmt":"2025-10-16T07:42:37","guid":{"rendered":"https:\/\/www.europesays.com\/pt\/112818\/"},"modified":"2025-10-16T07:42:37","modified_gmt":"2025-10-16T07:42:37","slug":"trovoada-podera-estar-de-volta-a-madeira","status":"publish","type":"post","link":"https:\/\/www.europesays.com\/pt\/112818\/","title":{"rendered":"Trovoada poder\u00e1 estar de volta \u00e0 Madeira"},"content":{"rendered":"\n<p class=\"p_0\">Conhe\u00e7a as previs\u00f5es do Instituto Portugu\u00eas do Mar e da Atmosfera.<\/p>\n<p class=\"p_1\">C\u00e9u geralmente muito nublado. Per\u00edodos de chuva ou aguaceiros a partir do in\u00edcio da manh\u00e3. Possibilidade de ocorr\u00eancia de trovoada a partir da tarde. Vento em geral fraco (inferior a 20 km\/h) do quadrante sul. Pequena subida de temperatura.<\/p>\n<p class=\"p_2\">Temperatura m\u00e1xima de 25\u00ba e m\u00ednima de 20\u00baC.<\/p>\n<p class=\"p_3\">Estado do mar: costa norte &#8211; Ondas de noroeste com 1 a 1,5 metros; costa sul &#8211; ondas do quadrante sul com 1 metro.<\/p>\n<p class=\"p_4\">Temperatura da \u00e1gua do mar: 23\/24\u00baC.<\/p>\n","protected":false},"excerpt":{"rendered":"Conhe\u00e7a as previs\u00f5es do Instituto Portugu\u00eas do Mar e da Atmosfera. C\u00e9u geralmente muito nublado. Per\u00edodos de chuva&hellip;\n","protected":false},"author":2,"featured_media":112819,"comment_status":"","ping_status":"","sticky":false,"template":"","format":"standard","meta":{"footnotes":""},"categories":[10],"tags":[27,28,15,16,14,25,26,21,22,12,13,19,20,32,23,24,33,1180,17,18,29,30,31],"class_list":{"0":"post-112818","1":"post","2":"type-post","3":"status-publish","4":"format-standard","5":"has-post-thumbnail","7":"category-portugal","8":"tag-breaking-news","9":"tag-breakingnews","10":"tag-featured-news","11":"tag-featurednews","12":"tag-headlines","13":"tag-latest-news","14":"tag-latestnews","15":"tag-main-news","16":"tag-mainnews","17":"tag-news","18":"tag-noticias","19":"tag-noticias-principais","20":"tag-noticiasprincipais","21":"tag-portugal","22":"tag-principais-noticias","23":"tag-principaisnoticias","24":"tag-pt","25":"tag-redacao","26":"tag-top-stories","27":"tag-topstories","28":"tag-ultimas","29":"tag-ultimas-noticias","30":"tag-ultimasnoticias"},"share_on_mastodon":{"url":"","error":""},"_links":{"self":[{"href":"https:\/\/www.europesays.com\/pt\/wp-json\/wp\/v2\/posts\/112818","targetHints":{"allow":["GET"]}}],"collection":[{"href":"https:\/\/www.europesays.com\/pt\/wp-json\/wp\/v2\/posts"}],"about":[{"href":"https:\/\/www.europesays.com\/pt\/wp-json\/wp\/v2\/types\/post"}],"author":[{"embeddable":true,"href":"https:\/\/www.europesays.com\/pt\/wp-json\/wp\/v2\/users\/2"}],"replies":[{"embeddable":true,"href":"https:\/\/www.europesays.com\/pt\/wp-json\/wp\/v2\/comments?post=112818"}],"version-history":[{"count":0,"href":"https:\/\/www.europesays.com\/pt\/wp-json\/wp\/v2\/posts\/112818\/revisions"}],"wp:featuredmedia":[{"embeddable":true,"href":"https:\/\/www.europesays.com\/pt\/wp-json\/wp\/v2\/media\/112819"}],"wp:attachment":[{"href":"https:\/\/www.europesays.com\/pt\/wp-json\/wp\/v2\/media?parent=112818"}],"wp:term":[{"taxonomy":"category","embeddable":true,"href":"https:\/\/www.europesays.com\/pt\/wp-json\/wp\/v2\/categories?post=112818"},{"taxonomy":"post_tag","embeddable":true,"href":"https:\/\/www.europesays.com\/pt\/wp-json\/wp\/v2\/tags?post=112818"}],"curies":[{"name":"wp","href":"https:\/\/api.w.org\/{rel}","templated":true}]}}