{"id":112834,"date":"2025-10-16T08:04:11","date_gmt":"2025-10-16T08:04:11","guid":{"rendered":"https:\/\/www.europesays.com\/pt\/112834\/"},"modified":"2025-10-16T08:04:11","modified_gmt":"2025-10-16T08:04:11","slug":"dembele-exige-aumento-salarial-apos-conquista-da-bola-de-ouro","status":"publish","type":"post","link":"https:\/\/www.europesays.com\/pt\/112834\/","title":{"rendered":"Demb\u00e9l\u00e9 exige aumento salarial ap\u00f3s conquista da Bola de Ouro"},"content":{"rendered":"<p>A conquista da Bola de Ouro por parte de Ousmane Demb\u00e9l\u00e9 poder\u00e1 trazer dores de cabe\u00e7a \u00e0 dire\u00e7\u00e3o do Paris Saint-Germain. Segundo o RMC Sport, o internacional franc\u00eas ter\u00e1 solicitado uma melhoria significativa do sal\u00e1rio junto do clube, justificando o pedido com o novo estatuto alcan\u00e7ado ap\u00f3s ser eleito o melhor jogador do mundo.<\/p>\n<p>O extremo de 28 anos tem contrato v\u00e1lido at\u00e9 2028, mas entende que o atual v\u00ednculo j\u00e1 n\u00e3o o satisfaz. Do lado do PSG, a quest\u00e3o \u00e9 delicada, visto que a administra\u00e7\u00e3o de Nasser Al-Khela\u00effi tem procurado controlar os gastos e manter uma pol\u00edtica salarial rigorosa, de forma a evitar os erros do passado.<\/p>\n<p>H\u00e1 algumas semanas, ainda antes da premia\u00e7\u00e3o de Dembel\u00e9, Lu\u00eds Campos, conselheiro do PSG, em declara\u00e7\u00e3o \u00e0 RMC, havia deixado claro que a nova pol\u00edtica salarial do clube \u00abaplica-se\u00bb a todos, sem exce\u00e7\u00e3o, porque o projeto atual privilegia o coletivo.<\/p>\n<p>\u00abA estabilidade do clube n\u00e3o vai mudar em fun\u00e7\u00e3o de um jogador que quer ser diferente. Vamos proteger o PSG. Com essa pol\u00edtica, todos entendem que o treinador n\u00e3o prioriza o estatuto ou o passado do jogador\u00bb, sublinhou.<\/p>\n<p>Recorde-se que, de acordo com a lista de sal\u00e1rios revelada pelo L\u2019Equipe no in\u00edcio no ano, Dembel\u00e9 era o jogador mais bem pago da equipa parisiense, com um sal\u00e1rio de 1,5 milh\u00f5es de euros mensais.<\/p>\n","protected":false},"excerpt":{"rendered":"A conquista da Bola de Ouro por parte de Ousmane Demb\u00e9l\u00e9 poder\u00e1 trazer dores de cabe\u00e7a \u00e0 dire\u00e7\u00e3o&hellip;\n","protected":false},"author":2,"featured_media":112835,"comment_status":"","ping_status":"","sticky":false,"template":"","format":"standard","meta":{"footnotes":""},"categories":[87],"tags":[21251,135,208,82,46,8382,8375,32,1758,33,47,134],"class_list":{"0":"post-112834","1":"post","2":"type-post","3":"status-publish","4":"format-standard","5":"has-post-thumbnail","7":"category-desporto","8":"tag-dembele","9":"tag-desporto","10":"tag-franca","11":"tag-internacional","12":"tag-maisfutebol","13":"tag-ousmane-dembele","14":"tag-paris-saint-germain","15":"tag-portugal","16":"tag-psg","17":"tag-pt","18":"tag-pura-paixao","19":"tag-sports"},"share_on_mastodon":{"url":"","error":""},"_links":{"self":[{"href":"https:\/\/www.europesays.com\/pt\/wp-json\/wp\/v2\/posts\/112834","targetHints":{"allow":["GET"]}}],"collection":[{"href":"https:\/\/www.europesays.com\/pt\/wp-json\/wp\/v2\/posts"}],"about":[{"href":"https:\/\/www.europesays.com\/pt\/wp-json\/wp\/v2\/types\/post"}],"author":[{"embeddable":true,"href":"https:\/\/www.europesays.com\/pt\/wp-json\/wp\/v2\/users\/2"}],"replies":[{"embeddable":true,"href":"https:\/\/www.europesays.com\/pt\/wp-json\/wp\/v2\/comments?post=112834"}],"version-history":[{"count":0,"href":"https:\/\/www.europesays.com\/pt\/wp-json\/wp\/v2\/posts\/112834\/revisions"}],"wp:featuredmedia":[{"embeddable":true,"href":"https:\/\/www.europesays.com\/pt\/wp-json\/wp\/v2\/media\/112835"}],"wp:attachment":[{"href":"https:\/\/www.europesays.com\/pt\/wp-json\/wp\/v2\/media?parent=112834"}],"wp:term":[{"taxonomy":"category","embeddable":true,"href":"https:\/\/www.europesays.com\/pt\/wp-json\/wp\/v2\/categories?post=112834"},{"taxonomy":"post_tag","embeddable":true,"href":"https:\/\/www.europesays.com\/pt\/wp-json\/wp\/v2\/tags?post=112834"}],"curies":[{"name":"wp","href":"https:\/\/api.w.org\/{rel}","templated":true}]}}