{"id":112836,"date":"2025-10-16T08:10:29","date_gmt":"2025-10-16T08:10:29","guid":{"rendered":"https:\/\/www.europesays.com\/pt\/112836\/"},"modified":"2025-10-16T08:10:29","modified_gmt":"2025-10-16T08:10:29","slug":"diabetes-cientistas-portugueses-e-dinamarqueses-descobrem-como-cicatrizar-feridas-em-dez-dias","status":"publish","type":"post","link":"https:\/\/www.europesays.com\/pt\/112836\/","title":{"rendered":"Diabetes. Cientistas portugueses e dinamarqueses descobrem como cicatrizar feridas em dez dias"},"content":{"rendered":"\n<p>E os resultados obtidos, que j\u00e1 foram publicados na revista cient\u00edfica Diabetologia, mostraram que sim, abrindo \u201cnovas possibilidades para o desenvolvimento de terapias inovadoras que atuem diretamente sobre o miR-146a-5p e o miR-29a-3p, com potencial para modular processos-chave envolvidos na cicatriza\u00e7\u00e3o de feridas, como a inflama\u00e7\u00e3o, o stress oxidativo, a forma\u00e7\u00e3o de novos vasos sangu\u00edneos e a remodela\u00e7\u00e3o da matriz extracelular\u201d.<\/p>\n<p><strong>Os investigadores explicam ainda que para alcan\u00e7ar estes resultados, foi testado o efeito da inibi\u00e7\u00e3o dos microARN atrav\u00e9s de mol\u00e9culas desenhadas para o efeito em c\u00e9lulas humanas e em ratinhos com diabetes tipo 1. Depois, foram analisadas as consequ\u00eancias ao n\u00edvel da inflama\u00e7\u00e3o, forma\u00e7\u00e3o de novos vasos sangu\u00edneos e remodela\u00e7\u00e3o tecidular. Mas, nos testes com ratinhos, os investigadores verificaram que \u201ca abordagem terap\u00eautica reduziu o tamanho das feridas de forma significativa em dez dias, com altera\u00e7\u00f5es que levaram a uma pele mais resistente e estruturalmente mais organizada\u201d.<\/strong><\/p>\n<p>Segundo avan\u00e7am os cientistas de Coimbra, \u201cao identificar os dois microARN como alvos terap\u00eauticos promissores, este trabalho cria bases para futuras abordagens personalizadas e mais eficazes no tratamento de feridas cr\u00f3nicas, especialmente em pessoas com diabetes\u201d, sublinhando ainda \u201cestes futuros alvos de terapia molecular podem ter o potencial de melhorar significativamente as feridas e a recupera\u00e7\u00e3o de doentes, podendo reduzir o tempo de internamento hospitalar, diminuir o risco de amputa\u00e7\u00f5es e, assim, aliviar o peso econ\u00f3mico e social associado\u201d.<\/p>\n<p><strong>Este m\u00e9todo, consideram os mesmos, pode ainda \u201cpotenciar estrat\u00e9gias semelhantes aplicadas a outras patologias marcadas por cicatriza\u00e7\u00e3o deficiente ou inflama\u00e7\u00e3o cr\u00f3nica\u201d.<\/strong><\/p>\n<p>Na nota divulgada pela Universidade de Coimbra, Ermelindo Leal e Eug\u00e9nia Carvalho destacam tamb\u00e9m que \u201ceste estudo tem grande relev\u00e2ncia social, especialmente num contexto global em que a diabetes \u00e9 uma doen\u00e7a que afeta milh\u00f5es de pessoas \u2013 causando dor, infe\u00e7\u00f5es recorrentes, hospitaliza\u00e7\u00f5es frequentes e at\u00e9 amputa\u00e7\u00f5es \u2013 e apresenta uma tend\u00eancia de crescimento cont\u00ednuo\u201d.<\/p>\n<p>O estudo foi apoiado por v\u00e1rias entidades europeias e al\u00e9m da Universidade de Roskilde, contou com participa\u00e7\u00e3o de cientistas de outras institui\u00e7\u00f5es dinamarquesas, como da Universidade da Dinamarca do Sul e da Universidade de Aalborg.<\/p>\n","protected":false},"excerpt":{"rendered":"E os resultados obtidos, que j\u00e1 foram publicados na revista cient\u00edfica Diabetologia, mostraram que sim, abrindo \u201cnovas possibilidades&hellip;\n","protected":false},"author":2,"featured_media":112837,"comment_status":"","ping_status":"","sticky":false,"template":"","format":"standard","meta":{"footnotes":""},"categories":[10],"tags":[27,28,109,1027,15,16,14,25,26,21,22,12,13,19,20,32,23,24,33,17,18,29,30,31,8133],"class_list":{"0":"post-112836","1":"post","2":"type-post","3":"status-publish","4":"format-standard","5":"has-post-thumbnail","7":"category-portugal","8":"tag-breaking-news","9":"tag-breakingnews","10":"tag-ciencia","11":"tag-diabetes","12":"tag-featured-news","13":"tag-featurednews","14":"tag-headlines","15":"tag-latest-news","16":"tag-latestnews","17":"tag-main-news","18":"tag-mainnews","19":"tag-news","20":"tag-noticias","21":"tag-noticias-principais","22":"tag-noticiasprincipais","23":"tag-portugal","24":"tag-principais-noticias","25":"tag-principaisnoticias","26":"tag-pt","27":"tag-top-stories","28":"tag-topstories","29":"tag-ultimas","30":"tag-ultimas-noticias","31":"tag-ultimasnoticias","32":"tag-universidade-de-coimbra"},"share_on_mastodon":{"url":"","error":""},"_links":{"self":[{"href":"https:\/\/www.europesays.com\/pt\/wp-json\/wp\/v2\/posts\/112836","targetHints":{"allow":["GET"]}}],"collection":[{"href":"https:\/\/www.europesays.com\/pt\/wp-json\/wp\/v2\/posts"}],"about":[{"href":"https:\/\/www.europesays.com\/pt\/wp-json\/wp\/v2\/types\/post"}],"author":[{"embeddable":true,"href":"https:\/\/www.europesays.com\/pt\/wp-json\/wp\/v2\/users\/2"}],"replies":[{"embeddable":true,"href":"https:\/\/www.europesays.com\/pt\/wp-json\/wp\/v2\/comments?post=112836"}],"version-history":[{"count":0,"href":"https:\/\/www.europesays.com\/pt\/wp-json\/wp\/v2\/posts\/112836\/revisions"}],"wp:featuredmedia":[{"embeddable":true,"href":"https:\/\/www.europesays.com\/pt\/wp-json\/wp\/v2\/media\/112837"}],"wp:attachment":[{"href":"https:\/\/www.europesays.com\/pt\/wp-json\/wp\/v2\/media?parent=112836"}],"wp:term":[{"taxonomy":"category","embeddable":true,"href":"https:\/\/www.europesays.com\/pt\/wp-json\/wp\/v2\/categories?post=112836"},{"taxonomy":"post_tag","embeddable":true,"href":"https:\/\/www.europesays.com\/pt\/wp-json\/wp\/v2\/tags?post=112836"}],"curies":[{"name":"wp","href":"https:\/\/api.w.org\/{rel}","templated":true}]}}