{"id":112842,"date":"2025-10-16T08:15:09","date_gmt":"2025-10-16T08:15:09","guid":{"rendered":"https:\/\/www.europesays.com\/pt\/112842\/"},"modified":"2025-10-16T08:15:09","modified_gmt":"2025-10-16T08:15:09","slug":"clima-quente-no-especial-fabio-e-ana-discutem-por-causa-de-limpezas","status":"publish","type":"post","link":"https:\/\/www.europesays.com\/pt\/112842\/","title":{"rendered":"Clima quente no especial: F\u00e1bio e Ana discutem por causa de limpezas"},"content":{"rendered":"<p>No Secret Story 9, durante o Especial, F\u00e1bio e Ana foram confrontados por Cristina Ferreira com as imagens da sua discuss\u00e3o. F\u00e1bio defendeu-se afirmando que \u00ablimpou o quarto sozinho e que a Ana s\u00f3 fez duas camas e desistiu a meio\u00bb. Ana contra-argumentou, gerando um novo momento de tens\u00e3o. Liliana acabou por intervir na conversa, dizendo: \u00abN\u00e3o vou andar atr\u00e1s de ningu\u00e9m\u00bb.<\/p>\n","protected":false},"excerpt":{"rendered":"No Secret Story 9, durante o Especial, F\u00e1bio e Ana foram confrontados por Cristina Ferreira com as imagens&hellip;\n","protected":false},"author":2,"featured_media":112843,"comment_status":"","ping_status":"","sticky":false,"template":"","format":"standard","meta":{"footnotes":""},"categories":[142],"tags":[6340,114,115,19082,32,33,151],"class_list":{"0":"post-112842","1":"post","2":"type-post","3":"status-publish","4":"format-standard","5":"has-post-thumbnail","7":"category-tv","8":"tag-ana","9":"tag-entertainment","10":"tag-entretenimento","11":"tag-fabio","12":"tag-portugal","13":"tag-pt","14":"tag-tv"},"share_on_mastodon":{"url":"","error":""},"_links":{"self":[{"href":"https:\/\/www.europesays.com\/pt\/wp-json\/wp\/v2\/posts\/112842","targetHints":{"allow":["GET"]}}],"collection":[{"href":"https:\/\/www.europesays.com\/pt\/wp-json\/wp\/v2\/posts"}],"about":[{"href":"https:\/\/www.europesays.com\/pt\/wp-json\/wp\/v2\/types\/post"}],"author":[{"embeddable":true,"href":"https:\/\/www.europesays.com\/pt\/wp-json\/wp\/v2\/users\/2"}],"replies":[{"embeddable":true,"href":"https:\/\/www.europesays.com\/pt\/wp-json\/wp\/v2\/comments?post=112842"}],"version-history":[{"count":0,"href":"https:\/\/www.europesays.com\/pt\/wp-json\/wp\/v2\/posts\/112842\/revisions"}],"wp:featuredmedia":[{"embeddable":true,"href":"https:\/\/www.europesays.com\/pt\/wp-json\/wp\/v2\/media\/112843"}],"wp:attachment":[{"href":"https:\/\/www.europesays.com\/pt\/wp-json\/wp\/v2\/media?parent=112842"}],"wp:term":[{"taxonomy":"category","embeddable":true,"href":"https:\/\/www.europesays.com\/pt\/wp-json\/wp\/v2\/categories?post=112842"},{"taxonomy":"post_tag","embeddable":true,"href":"https:\/\/www.europesays.com\/pt\/wp-json\/wp\/v2\/tags?post=112842"}],"curies":[{"name":"wp","href":"https:\/\/api.w.org\/{rel}","templated":true}]}}