{"id":112850,"date":"2025-10-16T08:24:24","date_gmt":"2025-10-16T08:24:24","guid":{"rendered":"https:\/\/www.europesays.com\/pt\/112850\/"},"modified":"2025-10-16T08:24:24","modified_gmt":"2025-10-16T08:24:24","slug":"marcelo-promulga-lei-dos-estrangeiros-corresponde-minimamente-ao-essencial-das-duvidas","status":"publish","type":"post","link":"https:\/\/www.europesays.com\/pt\/112850\/","title":{"rendered":"Marcelo promulga Lei dos Estrangeiros. &#8220;Corresponde minimamente ao essencial das d\u00favidas&#8221;"},"content":{"rendered":"<p>                    (em atualiza\u00e7\u00e3o)<br \/>\n&#8220;Considerando que o diploma agora revisto e aprovado por 70 por cento dos deputados <b>corresponde minimamente ao essencial das d\u00favidas de inconstitucionalidade<\/b> suscitadas pelo presidente da Rep\u00fablica e confirmadas pelo Tribunal Constitucional&#8221;, Marcelo Rebelo de Sousa promulgou &#8220;o diploma da Assembleia da Rep\u00fablica que altera a Lei n.\u00ba 23\/2007, de 4 de julho, que aprova o regime jur\u00eddico de entrada, perman\u00eancia, sa\u00edda e afastamento de estrangeiros do territ\u00f3rio nacional&#8221;, l\u00ea-se em <a href=\"https:\/\/www.presidencia.pt\/atualidade\/toda-a-atualidade\/2025\/10\/presidente-da-republica-promulgou-tres-diplomas-da-assembleia-da-republica\/\" target=\"_blank\" rel=\"nofollow noopener\">nota publicada no portal da Presid\u00eancia<\/a>.<\/p>\n<p>Tal como tinha afirmado ontem, Marcelo Rebelo de Sousa cumpriu o prazo e acabou por promulgar esta quinta-feira a Lei dos Estrangeiros. &#8220;Garanto que n\u00e3o passarei do dia 16, vou cumprir esse prazo, o que tamb\u00e9m j\u00e1 permite compreender qual \u00e9 a minha inclina\u00e7\u00e3o&#8221;,assegurou o presidente da Rep\u00fablica. <br \/>\nO prazo a que se referia ontem era o fim para o eventual envio para o Tribunal Constitucional. <\/p>\n<p>No entanto, tal n\u00e3o aconteceu porque o diploma revisto<b> \u201ccorresponde minimamente ao essencial das d\u00favidas de inconstitucionalidade\u201d<\/b> que foram suscitadas pelo Chefe de Estado e confirmadas pelo Tribunal Constitucional. <\/p>\n<p>A <b>primeira vers\u00e3o do diploma<\/b> foi chumbada pelo Tribunal Constitucional, em <b>08 de agosto<\/b>. Em concreto, os ju\u00edzes do Pal\u00e1cio Ratton <b>chumbaram cinco normas<\/b>, a maioria destas referiam-se a o reagrupamento familiar, incluindo o estabelecimento de &#8220;um prazo cego de dois anos&#8221; para o pedido.<\/p>\n<p>No mesmo dia, Marcelo Rebelo de Sousa vetou ent\u00e3o o diploma. <\/p>\n<p>No <b>final de setembro<\/b>, a Assembleia da Rep\u00fablica <b>aprovou a nova vers\u00e3o da Lei de Estrangeiros<\/b>, PSD, CDS-PP, IL, CHEGA E JPP votaram a favor d\u00e3o luz verde \u00e0 lei dos estrangeiros. PS, Bloco de Esquerda, Livre, PAN e PCP votaram contra.<\/p>\n<p>J\u00e1 em setembro, o presidente da Rep\u00fablica afirmava n\u00e3o se lembrar \u201cde ter vetado ou mandado uma segunda vez para o Tribunal Constitucional\u201d uma lei depois de ser \u201cexpurgada\u201d ap\u00f3s um veto dos ju\u00edzes do Pal\u00e1cio Ratton.<br \/>&#13;<br \/>\n<br \/>&#13;<br \/>\nO que diz a nova vers\u00e3o?<br \/>&#13;<br \/>\nApesar de manter o <b>prazo<\/b> de dois anos de resid\u00eancia v\u00e1lida para pedir o r<b>eagrupamento familiar<\/b> (que tinha sido chumbada pelo Constitucional), o novo diploma <b>admite exce\u00e7\u00f5es<\/b>, incluindo para c\u00f4njuges.<\/p>\n<p>Neste caso em concreto, passa para <b>um ano<\/b> quando os c\u00f4njuges viveram com o requerente do reagrupamento familiar no ano anterior a este ter imigrado para Portugal.<\/p>\n<p>Tamb\u00e9m<b> foram retirados prazos m\u00ednimos de resid\u00eancia a casais que tenham filhos.<br \/>&#13;<br \/>\n<\/b><br \/>&#13;<br \/>\nOutra altera\u00e7\u00e3o, em rela\u00e7\u00e3o \u00e0 vers\u00e3o inicial, \u00e9 a garantia que os <b>cidad\u00e3os podem utilizar os tribunais<\/b> \u201cpara defenderem os seus direitos mas sem que se possa questionar as decis\u00f5es administrativas indefinidamente\u201d, referiu o ministro Ant\u00f3nio Leit\u00e3o Amaro, na apresenta\u00e7\u00e3o da nova vers\u00e3o da lei de estrangeiros, em 24 de setembro.<\/p>\n","protected":false},"excerpt":{"rendered":"(em atualiza\u00e7\u00e3o) &#8220;Considerando que o diploma agora revisto e aprovado por 70 por cento dos deputados corresponde minimamente&hellip;\n","protected":false},"author":2,"featured_media":112851,"comment_status":"","ping_status":"","sticky":false,"template":"","format":"standard","meta":{"footnotes":""},"categories":[10],"tags":[27,28,1738,15,16,14,25,26,931,21,22,588,12,13,19,20,32,1963,23,24,26609,33,17,18,29,30,31],"class_list":{"0":"post-112850","1":"post","2":"type-post","3":"status-publish","4":"format-standard","5":"has-post-thumbnail","7":"category-portugal","8":"tag-breaking-news","9":"tag-breakingnews","10":"tag-estrangeiros","11":"tag-featured-news","12":"tag-featurednews","13":"tag-headlines","14":"tag-latest-news","15":"tag-latestnews","16":"tag-lei","17":"tag-main-news","18":"tag-mainnews","19":"tag-marcelo-rebelo-de-sousa","20":"tag-news","21":"tag-noticias","22":"tag-noticias-principais","23":"tag-noticiasprincipais","24":"tag-portugal","25":"tag-presidente-da-republica","26":"tag-principais-noticias","27":"tag-principaisnoticias","28":"tag-promulgacao","29":"tag-pt","30":"tag-top-stories","31":"tag-topstories","32":"tag-ultimas","33":"tag-ultimas-noticias","34":"tag-ultimasnoticias"},"share_on_mastodon":{"url":"","error":""},"_links":{"self":[{"href":"https:\/\/www.europesays.com\/pt\/wp-json\/wp\/v2\/posts\/112850","targetHints":{"allow":["GET"]}}],"collection":[{"href":"https:\/\/www.europesays.com\/pt\/wp-json\/wp\/v2\/posts"}],"about":[{"href":"https:\/\/www.europesays.com\/pt\/wp-json\/wp\/v2\/types\/post"}],"author":[{"embeddable":true,"href":"https:\/\/www.europesays.com\/pt\/wp-json\/wp\/v2\/users\/2"}],"replies":[{"embeddable":true,"href":"https:\/\/www.europesays.com\/pt\/wp-json\/wp\/v2\/comments?post=112850"}],"version-history":[{"count":0,"href":"https:\/\/www.europesays.com\/pt\/wp-json\/wp\/v2\/posts\/112850\/revisions"}],"wp:featuredmedia":[{"embeddable":true,"href":"https:\/\/www.europesays.com\/pt\/wp-json\/wp\/v2\/media\/112851"}],"wp:attachment":[{"href":"https:\/\/www.europesays.com\/pt\/wp-json\/wp\/v2\/media?parent=112850"}],"wp:term":[{"taxonomy":"category","embeddable":true,"href":"https:\/\/www.europesays.com\/pt\/wp-json\/wp\/v2\/categories?post=112850"},{"taxonomy":"post_tag","embeddable":true,"href":"https:\/\/www.europesays.com\/pt\/wp-json\/wp\/v2\/tags?post=112850"}],"curies":[{"name":"wp","href":"https:\/\/api.w.org\/{rel}","templated":true}]}}