{"id":112852,"date":"2025-10-16T08:25:21","date_gmt":"2025-10-16T08:25:21","guid":{"rendered":"https:\/\/www.europesays.com\/pt\/112852\/"},"modified":"2025-10-16T08:25:21","modified_gmt":"2025-10-16T08:25:21","slug":"israel-afirma-que-um-dos-cadaveres-entregues-pelo-hamas-nao-e-de-nenhum-refem-medio-oriente","status":"publish","type":"post","link":"https:\/\/www.europesays.com\/pt\/112852\/","title":{"rendered":"Israel afirma que um dos cad\u00e1veres entregues pelo Hamas n\u00e3o \u00e9 de nenhum ref\u00e9m | M\u00e9dio Oriente"},"content":{"rendered":"<p>As autoridades israelitas anunciaram, esta quarta-feira, que, dos quatro corpos entregues na noite de ter\u00e7a-feira pelo Hamas, h\u00e1 um que n\u00e3o corresponde a nenhum ref\u00e9m. Os outros tr\u00eas j\u00e1 foram identificados e o Ex\u00e9rcito insta o grupo islamista a entregar os que faltam.<\/p>\n<p>\u201cDepois de conclu\u00eddos os exames no Instituto Nacional de Medicina Forense, o quarto corpo entregue a Israel pelo Hamas n\u00e3o coincide com nenhum dos ref\u00e9ns. O Hamas deve levar a cabo todos os esfor\u00e7os necess\u00e1rios para devolver os ref\u00e9ns mortos\u201d, escreveu o Ex\u00e9rcito israelita numa mensagem publicada no X. N\u00e3o se conhece ainda a identidade deste cad\u00e1ver.<\/p>\n<p>Os restantes corpos j\u00e1 foram identificados. S\u00e3o Tamir Nimrodi, raptado aos 18 anos de uma base militar na fronteira com Gaza, que a fam\u00edlia acredita ter morrido durante o cativeiro; Uriel Baruch, 35 anos, raptado do festival Nova; e Eitan Levi, 53 anos, taxista, levado pelo Hamas enquanto trabalhava. As fam\u00edlias j\u00e1 foram todas notificadas.<\/p>\n<p>At\u00e9 agora, foram entregues sete corpos de ref\u00e9ns que morreram e faltam 21, que continuam em Gaza. A not\u00edcia de que um dos corpos n\u00e3o \u00e9 o de um dos ref\u00e9ns alimentou a ira dos israelitas, de acordo com o correspondente <a href=\"https:\/\/www.bbc.com\/news\/live\/ckgzndpnjl1t\" target=\"_blank\" rel=\"nofollow noopener\">da BBC<\/a> em Jerusal\u00e9m.<\/p>\n<p>N\u00e3o \u00e9 a primeira vez que acontece. H\u00e1 uns meses, o Hamas j\u00e1 tinha entregado o cad\u00e1ver de uma pessoa que identificava como sendo <a href=\"https:\/\/www.publico.pt\/2025\/02\/21\/mundo\/noticia\/cadaver-devolvido-hamas-nao-pertence-refem-shiri-bibas-acusa-israel-2123374\" target=\"_blank\" rel=\"nofollow noopener\">Shiri Bibas<\/a>, mas que, na verdade, n\u00e3o era. Mais tarde entregaram o corpo certo.<\/p>\n<p>O grupo militante j\u00e1 tinha avisado que seria dif\u00edcil localizar todos os corpos porque alguns ficaram presos debaixo de escombros. O texto do <a href=\"https:\/\/www.publico.pt\/2025\/10\/15\/mundo\/noticia\/israel-hamas-comecam-negociacoes-segunda-fase-acordo-donald-trump-2150925\" target=\"_blank\" rel=\"nofollow noopener\">acordo de cessar-fogo<\/a> tamb\u00e9m j\u00e1 previa que seria uma tarefa dif\u00edcil, e estipula a cria\u00e7\u00e3o de uma esp\u00e9cie de mecanismo de partilha de informa\u00e7\u00e3o que daria aos mediadores a \u00faltima localiza\u00e7\u00e3o conhecida dos desaparecidos.<\/p>\n<p>        &#13;<\/p>\n<p>&#13;<br \/>\n                &#13;\n            <\/p>\n<p>&#13;<\/p>\n<p>Israel est\u00e1, no entanto, a usar a demora na entrega dos ref\u00e9ns \u2014 deveriam ter sido entregues em 72 horas depois da <a href=\"https:\/\/www.publico.pt\/2025\/10\/10\/mundo\/noticia\/governo-israel-aprova-acordo-hamas-libertar-refens-2150307\" target=\"_blank\" rel=\"nofollow noopener\">assinatura do acordo<\/a>, um prazo que terminou na segunda-feira \u2014 para atrasar a abertura da passagem de Rafah e restringir a ajuda humanit\u00e1ria para Gaza. E n\u00e3o se coloca ainda de lado que use o atraso para colocar todo o acordo de cessar-fogo em causa.<\/p>\n<p>Israel tamb\u00e9m devolveu os corpos de pelo menos 45 palestinianos, escreve a <a href=\"https:\/\/apnews.com\/article\/gaza-israel-hamas-hostages-ceasefire-10-15-2025-435b7d15bc971f902d4dda967e4a609a\" target=\"_blank\" rel=\"nofollow noopener\">Associated Press<\/a>. Seguiram sem identifica\u00e7\u00e3o, e os m\u00e9dicos forenses do Hospital Nasser, em Gaza, est\u00e3o a tirar fotos aos corpos e aos seus pertences para as publicarem no site do Minist\u00e9rio da Sa\u00fade, uma forma de ajudar as fam\u00edlias a identific\u00e1-los, acrescenta o <a href=\"https:\/\/www.theguardian.com\/world\/live\/2025\/oct\/15\/gaza-ceasefire-israel-hamas-palestine-aid-hostages-detainees-prisoners-live-news-updates#top-of-blog\" target=\"_blank\" rel=\"nofollow noopener\">Guardian<\/a>.<\/p>\n<p>Passagem de Rafah reabre na quinta-feira<\/p>\n<p>Previa-se que a passagem de Rafah, que liga o enclave palestiniano ao Egipto, pudesse reabrir <a href=\"https:\/\/www.publico.pt\/2025\/10\/15\/mundo\/noticia\/israel-vai-reabrir-passagem-rafah-2150871\" target=\"_blank\" rel=\"nofollow noopener\">esta quarta-feira<\/a>, mas isso n\u00e3o aconteceu. De acordo com a Reuters, que cita duas fontes, a passagem ir\u00e1 ser reaberta na quinta-feira, mas apenas para permitir a mobilidade de pessoas \u2014 e n\u00e3o a entrada de ajuda.<\/p>\n<p>A Autoridade Palestiniana (AP) j\u00e1 se mostrou dispon\u00edvel para operar a passagem de Rafah, organizando a entrada de ajuda humanit\u00e1ria: \u201cEstamos prontos\u201d, assinala Mohammad Shtayyeh, enviado especial do Presidente da AP, Mahmoud Abbas, actualmente numa visita oficial na Su\u00ed\u00e7a.<\/p>\n<p>A ajuda humanit\u00e1ria come\u00e7a, aos poucos, a entrar. Em Gaza, os palestinianos relatam que j\u00e1 existe mais comida dispon\u00edvel \u2014 incluindo frutas e vegetais, que j\u00e1 n\u00e3o se encontravam h\u00e1 meses \u2014, mas ainda n\u00e3o h\u00e1 electricidade nem \u00e1gua. A sensa\u00e7\u00e3o \u00e9 de urg\u00eancia porque \u201cningu\u00e9m acredita que a calma vai durar muito\u201d, disse Neven Al-Mughrabi \u00e0 BBC, especialmente com os atrasos do Hamas. \u201cSempre que come\u00e7amos a sentir-nos seguros, aparece outra amea\u00e7a e o medo de que a guerra v\u00e1 recome\u00e7ar.\u201d<\/p>\n<p>A vida normal \u201cest\u00e1 muito longe\u201d, denuncia Nadia Eid, trabalhadora dos M\u00e9dicos Sem Fronteiras em Gaza. O enclave \u00e9 uma \u201cmontanha de escombros\u201d e os palestinianos continuam a viver em \u201ccondi\u00e7\u00f5es sub-humanas\u201d e com um sistema de sa\u00fade \u201cpraticamente colapsado\u201d.<\/p>\n<p>At\u00e9 agora, o Hamas diz que continua a cumprir com a sua parte do acordo. Acusa, no entanto, Israel de violar o cessar-fogo e de ter provocado a morte a, pelo menos, cinco palestinianos durante a noite de ter\u00e7a-feira.<\/p>\n<p>A ONU, por seu lado, expressa \u201cpreocupa\u00e7\u00e3o\u201d. Apesar do cessar-fogo, as mortes continuam. Os ataques surgem tanto do lado de Israel (que ter\u00e3o provocado 15 mortos em zonas perto da fronteira), como do Hamas contra grupos rivais. Estes \u00faltimos \u201cintensificaram-se\u201d nos \u00faltimos dias com \u201cexecu\u00e7\u00f5es extrajudiciais\u201d, assinala a ONU em comunicado.<\/p>\n","protected":false},"excerpt":{"rendered":"As autoridades israelitas anunciaram, esta quarta-feira, que, dos quatro corpos entregues na noite de ter\u00e7a-feira pelo Hamas, h\u00e1&hellip;\n","protected":false},"author":2,"featured_media":112853,"comment_status":"","ping_status":"","sticky":false,"template":"","format":"standard","meta":{"footnotes":""},"categories":[8],"tags":[8141,27,28,15,16,532,255,14,259,25,26,21,22,432,62,12,13,19,20,32,23,24,33,17,18,29,30,31],"class_list":{"0":"post-112852","1":"post","2":"type-post","3":"status-publish","4":"format-standard","5":"has-post-thumbnail","7":"category-principais-noticias","8":"tag-autoridade-palestiniana","9":"tag-breaking-news","10":"tag-breakingnews","11":"tag-featured-news","12":"tag-featurednews","13":"tag-gaza","14":"tag-hamas","15":"tag-headlines","16":"tag-israel","17":"tag-latest-news","18":"tag-latestnews","19":"tag-main-news","20":"tag-mainnews","21":"tag-medio-oriente","22":"tag-mundo","23":"tag-news","24":"tag-noticias","25":"tag-noticias-principais","26":"tag-noticiasprincipais","27":"tag-portugal","28":"tag-principais-noticias","29":"tag-principaisnoticias","30":"tag-pt","31":"tag-top-stories","32":"tag-topstories","33":"tag-ultimas","34":"tag-ultimas-noticias","35":"tag-ultimasnoticias"},"share_on_mastodon":{"url":"","error":""},"_links":{"self":[{"href":"https:\/\/www.europesays.com\/pt\/wp-json\/wp\/v2\/posts\/112852","targetHints":{"allow":["GET"]}}],"collection":[{"href":"https:\/\/www.europesays.com\/pt\/wp-json\/wp\/v2\/posts"}],"about":[{"href":"https:\/\/www.europesays.com\/pt\/wp-json\/wp\/v2\/types\/post"}],"author":[{"embeddable":true,"href":"https:\/\/www.europesays.com\/pt\/wp-json\/wp\/v2\/users\/2"}],"replies":[{"embeddable":true,"href":"https:\/\/www.europesays.com\/pt\/wp-json\/wp\/v2\/comments?post=112852"}],"version-history":[{"count":0,"href":"https:\/\/www.europesays.com\/pt\/wp-json\/wp\/v2\/posts\/112852\/revisions"}],"wp:featuredmedia":[{"embeddable":true,"href":"https:\/\/www.europesays.com\/pt\/wp-json\/wp\/v2\/media\/112853"}],"wp:attachment":[{"href":"https:\/\/www.europesays.com\/pt\/wp-json\/wp\/v2\/media?parent=112852"}],"wp:term":[{"taxonomy":"category","embeddable":true,"href":"https:\/\/www.europesays.com\/pt\/wp-json\/wp\/v2\/categories?post=112852"},{"taxonomy":"post_tag","embeddable":true,"href":"https:\/\/www.europesays.com\/pt\/wp-json\/wp\/v2\/tags?post=112852"}],"curies":[{"name":"wp","href":"https:\/\/api.w.org\/{rel}","templated":true}]}}