{"id":112854,"date":"2025-10-16T08:26:16","date_gmt":"2025-10-16T08:26:16","guid":{"rendered":"https:\/\/www.europesays.com\/pt\/112854\/"},"modified":"2025-10-16T08:26:16","modified_gmt":"2025-10-16T08:26:16","slug":"fernando-sampaio-rayane-figliuzzi-e-yona-sousa-estao-na-quarta-roca-de-a-fazenda-17-record","status":"publish","type":"post","link":"https:\/\/www.europesays.com\/pt\/112854\/","title":{"rendered":"Fernando Sampaio, Rayane Figliuzzi e Yon\u00e1 Sousa est\u00e3o na quarta Ro\u00e7a de A Fazenda 17 \u2013 Record"},"content":{"rendered":"<p><img decoding=\"async\" data-chromatic=\"ignore\" alt=\"\" class=\"c-image\" loading=\"lazy\" src=\"https:\/\/www.europesays.com\/pt\/wp-content\/uploads\/2025\/10\/V4ZEVP2ZGBDN5JHYES5KNO76D4.png\"  width=\"677\" height=\"339\"\/>O seu voto vai para Fernando, Ray ou Yon\u00e1? Divulga\u00e7\u00e3o\/Fabiane De Faria <\/p>\n<p class=\"jarvics:base-text-neutral-high-400 base-text-[calc(theme(fontSize.xs)_*_var(--font-size,_1))] base-font-normal base-font-primary base-text-neutral-low-500 base-text-left\">A cada forma\u00e7\u00e3o de Ro\u00e7a em <a href=\"https:\/\/record.r7.com\/a-fazenda\/a-fazenda-17\/\" target=\"_self\" rel=\"nofollow noopener\" title=\"https:\/\/record.r7.com\/a-fazenda\/a-fazenda-17\/\"><b>A Fazenda 17<\/b><\/a>, o n\u00edvel do fogo no feno aumenta. Nesta ter\u00e7a (14) n\u00e3o foi diferente e a pe\u00e3ozada instalou tanto caos no deck que at\u00e9 os ninjas precisaram intervir. <\/p>\n<p class=\"jarvics:base-text-neutral-high-400 base-text-[calc(theme(fontSize.xs)_*_var(--font-size,_1))] base-font-normal base-font-primary base-text-neutral-low-500 base-text-left\">Em meio a gritaria, reviravoltas e trai\u00e7\u00e3o, os temidos banquinhos foram devidamente ocupados, respectivamente, por <a href=\"https:\/\/record.r7.com\/a-fazenda\/a-fazenda-17\/peoes\/fernando-sampaio\" target=\"_self\" rel=\"nofollow noopener\" title=\"https:\/\/record.r7.com\/a-fazenda\/a-fazenda-17\/peoes\/fernando-sampaio\"><b>Fernando Sampaio<\/b><\/a>, <a href=\"https:\/\/record.r7.com\/a-fazenda\/a-fazenda-17\/peoes\/yona-sousa\" target=\"_self\" rel=\"nofollow noopener\" title=\"https:\/\/record.r7.com\/a-fazenda\/a-fazenda-17\/peoes\/yona-sousa\"><b>Yon\u00e1 Sousa<\/b><\/a>, <a href=\"https:\/\/record.r7.com\/a-fazenda\/a-fazenda-17\/peoes\/rayane-figliuzzi\" target=\"_self\" rel=\"nofollow noopener\" title=\"https:\/\/record.r7.com\/a-fazenda\/a-fazenda-17\/peoes\/rayane-figliuzzi\"><b>Rayane Figliuzzi<\/b><\/a> e <a href=\"https:\/\/record.r7.com\/a-fazenda\/a-fazenda-17\/peoes\/matheus-martins\" target=\"_self\" rel=\"nofollow noopener\" title=\"https:\/\/record.r7.com\/a-fazenda\/a-fazenda-17\/peoes\/matheus-martins\"><b>Matheus Martins<\/b><\/a>. Confira o que rolou!<\/p>\n<p class=\"jarvics:base-text-neutral-high-400 base-text-[calc(theme(fontSize.xs)_*_var(--font-size,_1))] base-font-normal base-font-primary base-text-neutral-low-500 base-text-left\">Com um discurso chocante, o Fazendeiro <a href=\"https:\/\/record.r7.com\/a-fazenda\/a-fazenda-17\/peoes\/dudu-camargo\" target=\"_self\" rel=\"nofollow noopener\" title=\"https:\/\/record.r7.com\/a-fazenda\/a-fazenda-17\/peoes\/dudu-camargo\"><b>Dudu Camargo<\/b><\/a> mandou o ator direto para o primeiro banquinho. Mais uma vez, a advogada foi a mais votada da sede e, com 12 votos, ocupou a segunda vaga. <\/p>\n<p class=\"jarvics:base-text-neutral-high-400 base-text-[calc(theme(fontSize.xs)_*_var(--font-size,_1))] base-font-normal base-font-primary base-text-neutral-low-500 base-text-left\">Yon\u00e1, ent\u00e3o, puxou a empres\u00e1ria da nova Baia formada pelo Poder da Chama Branca de <a href=\"https:\/\/record.r7.com\/a-fazenda\/a-fazenda-17\/peoes\/wallas-arrais\" target=\"_self\" rel=\"nofollow noopener\" title=\"https:\/\/record.r7.com\/a-fazenda\/a-fazenda-17\/peoes\/wallas-arrais\"><b>Wallas Arrais<\/b><\/a>. Por fim, o modelo sobrou no Resta Um e vetou Fernando da Prova do Fazendeiro desta quarta (15). <\/p>\n<ul class=\"b-article-body__list-unordered\">\n<li><b>Quer ficar por dentro de tudo que est\u00e1 acontecendo em\u00a0<\/b><b>A Fazenda 17<\/b><b>?\u00a0<\/b><a href=\"https:\/\/www.whatsapp.com\/channel\/0029Va2cJIR1noz2ahzX0D1N\" target=\"_blank\" rel=\"noreferrer nofollow noopener\" title=\"https:\/\/www.whatsapp.com\/channel\/0029Va2cJIR1noz2ahzX0D1N\"><b>Clique aqui<\/b><\/a><b>\u00a0e fa\u00e7a parte do nosso canal no WhatsApp!<\/b><\/li>\n<\/ul>\n<p class=\"jarvics:base-text-neutral-high-400 base-text-[calc(theme(fontSize.xs)_*_var(--font-size,_1))] base-font-normal base-font-primary base-text-neutral-low-500 base-text-left\">Com isso, o trio de roceiros desceu para o desafio que exigiu boa mem\u00f3ria, sorte e percep\u00e7\u00e3o agu\u00e7ada. <\/p>\n<p class=\"jarvics:base-text-neutral-high-400 base-text-[calc(theme(fontSize.xs)_*_var(--font-size,_1))] base-font-normal base-font-primary base-text-neutral-low-500 base-text-left\">No gigante de feno, cada pe\u00e3o foi representado por um freezer. Nas respectivas geladeiras, os competidores precisaram manter cards de produtos com bases coloridas enquanto respondiam perguntas feitas por Adriane Galisteu. <\/p>\n<p class=\"jarvics:base-text-neutral-high-400 base-text-[calc(theme(fontSize.xs)_*_var(--font-size,_1))] base-font-normal base-font-primary base-text-neutral-low-500 base-text-left\">A cada resposta certa, o pe\u00e3o ganharia o direito de retirar um produto do frigor\u00edfico de um dos concorrentes. J\u00e1 em caso de erro, o competidor perderia um congelado. <\/p>\n<p class=\"jarvics:base-text-neutral-high-400 base-text-[calc(theme(fontSize.xs)_*_var(--font-size,_1))] base-font-normal base-font-primary base-text-neutral-low-500 base-text-left\">Quem perdesse tr\u00eas produtos com a base colorida, estaria fora da disputa. No final, venceria quem restasse com pelo menos um dos produtos coloridos no pr\u00f3prio freezer. <\/p>\n<p class=\"jarvics:base-text-neutral-high-400 base-text-[calc(theme(fontSize.xs)_*_var(--font-size,_1))] base-font-normal base-font-primary base-text-neutral-low-500 base-text-left\">Galisteu deu a largada e Matheus come\u00e7ou na frente. Ao acertar a primeira pergunta, ele removeu um produto da base de Yon\u00e1. <\/p>\n<p class=\"jarvics:base-text-neutral-high-400 base-text-[calc(theme(fontSize.xs)_*_var(--font-size,_1))] base-font-normal base-font-primary base-text-neutral-low-500 base-text-left\">Em seguida, Ray mandou ver no question\u00e1rio e ganhou duas chances de fazer o mesmo que o modelo. Ela tamb\u00e9m escolheu a advogada e acabou prejudicando ela na competi\u00e7\u00e3o. <\/p>\n<p class=\"jarvics:base-text-neutral-high-400 base-text-[calc(theme(fontSize.xs)_*_var(--font-size,_1))] base-font-normal base-font-primary base-text-neutral-low-500 base-text-left\">O modelo conseguiu subir de posi\u00e7\u00e3o e, ao acertar mais perguntas, removeu o \u00faltimo pino colorido de Yon\u00e1, eliminando a advogada da competi\u00e7\u00e3o. <\/p>\n<p class=\"jarvics:base-text-neutral-high-400 base-text-[calc(theme(fontSize.xs)_*_var(--font-size,_1))] base-font-normal base-font-primary base-text-neutral-low-500 base-text-left\">A disputa seguiu acirrada entre Matheus e Ray, que estavam empatados. Ap\u00f3s gabaritar mais quest\u00f5es, o modelo conseguiu remover o \u00faltimo produto colorido da base da oponente e conquistou a coroa caipira, se livrando da berlinda. <\/p>\n<p class=\"jarvics:base-text-neutral-high-400 base-text-[calc(theme(fontSize.xs)_*_var(--font-size,_1))] base-font-normal base-font-primary base-text-neutral-low-500 base-text-left\">Agora, cabe a voc\u00ea escolher o destino de Fernando, Ray e Yon\u00e1. <a href=\"https:\/\/record.r7.com\/a-fazenda\/a-fazenda-17\/votacao\/\" target=\"_self\" rel=\"nofollow noopener\" title=\"https:\/\/record.r7.com\/a-fazenda\/a-fazenda-17\/votacao\/\"><b>Clique aqui<\/b><\/a> e n\u00e3o economize nos votos para tentar salvar o seu pe\u00e3o favorito. <\/p>\n<p class=\"jarvics:base-text-neutral-high-400 base-text-[calc(theme(fontSize.xs)_*_var(--font-size,_1))] base-font-normal base-font-primary base-text-neutral-low-500 base-text-left\">Nesta quinta (16), um deles vai dar adeus \u00e0 competi\u00e7\u00e3o e voltar para a cidade grande. N\u00e3o perca!<\/p>\n<p class=\"jarvics:base-text-neutral-high-400 base-text-[calc(theme(fontSize.xs)_*_var(--font-size,_1))] base-font-normal base-font-primary base-text-neutral-low-500 base-text-left\">Fique ligado! <a href=\"https:\/\/record.r7.com\/a-fazenda\/a-fazenda-17\/\" rel=\"nofollow noopener\" title=\"https:\/\/record.r7.com\/a-fazenda\/a-fazenda-17\/\" target=\"_blank\"><b>A Fazenda 17<\/b><\/a> vai ao ar de segunda a domingo, \u00e0s 22h30, na tela da <a href=\"https:\/\/record.r7.com\/\" rel=\"nofollow noopener\" target=\"_blank\"><b>RECORD<\/b><\/a>. Assine o <a href=\"https:\/\/www.recordplus.com\/home\" rel=\"nofollow noopener\" title=\"https:\/\/www.recordplus.com\/home\" target=\"_blank\"><b>RecordPlus<\/b><\/a> e tenha acesso \u00e0s c\u00e2meras 24 horas.<\/p>\n<p><b>Entenda o primeiro m\u00eas ca\u00f3tico e treteiro de <\/b><b>A Fazenda<\/b><b> em 10 fatos<\/b><\/p>\n<p class=\"jarvics:base-text-neutral-high-400 base-text-[calc(theme(fontSize.xxs)_*_var(--font-size,_1))] base-font-semibold base-font-primary base-text-neutral-low-500 base-text-left\">Os primeiros trinta dias de A Fazenda 17 serviram um combo recheado de caos, tretas \u00e9picas e muita divers\u00e3o! A atual temporada do reality dos realities caiu no gosto do povo, com todos os ingredientes que os f\u00e3s mais amam, incluindo um elenco explosivo. Relembre 10 fatos que fizeram a alegria dos telespectadores!<\/p>\n","protected":false},"excerpt":{"rendered":"O seu voto vai para Fernando, Ray ou Yon\u00e1? Divulga\u00e7\u00e3o\/Fabiane De Faria A cada forma\u00e7\u00e3o de Ro\u00e7a em&hellip;\n","protected":false},"author":2,"featured_media":112855,"comment_status":"","ping_status":"","sticky":false,"template":"","format":"standard","meta":{"footnotes":""},"categories":[145],"tags":[657,211,210,114,115,21520,21428,32,22718,33,15359,22719,21864],"class_list":{"0":"post-112854","1":"post","2":"type-post","3":"status-publish","4":"format-standard","5":"has-post-thumbnail","7":"category-celebridades","8":"tag-a-fazenda","9":"tag-celebridades","10":"tag-celebrities","11":"tag-entertainment","12":"tag-entretenimento","13":"tag-fernando-sampaio","14":"tag-matheus-martins","15":"tag-portugal","16":"tag-prova-do-fazendeiro","17":"tag-pt","18":"tag-rayane-figliuzzi","19":"tag-roca","20":"tag-yona-sousa"},"share_on_mastodon":{"url":"","error":""},"_links":{"self":[{"href":"https:\/\/www.europesays.com\/pt\/wp-json\/wp\/v2\/posts\/112854","targetHints":{"allow":["GET"]}}],"collection":[{"href":"https:\/\/www.europesays.com\/pt\/wp-json\/wp\/v2\/posts"}],"about":[{"href":"https:\/\/www.europesays.com\/pt\/wp-json\/wp\/v2\/types\/post"}],"author":[{"embeddable":true,"href":"https:\/\/www.europesays.com\/pt\/wp-json\/wp\/v2\/users\/2"}],"replies":[{"embeddable":true,"href":"https:\/\/www.europesays.com\/pt\/wp-json\/wp\/v2\/comments?post=112854"}],"version-history":[{"count":0,"href":"https:\/\/www.europesays.com\/pt\/wp-json\/wp\/v2\/posts\/112854\/revisions"}],"wp:featuredmedia":[{"embeddable":true,"href":"https:\/\/www.europesays.com\/pt\/wp-json\/wp\/v2\/media\/112855"}],"wp:attachment":[{"href":"https:\/\/www.europesays.com\/pt\/wp-json\/wp\/v2\/media?parent=112854"}],"wp:term":[{"taxonomy":"category","embeddable":true,"href":"https:\/\/www.europesays.com\/pt\/wp-json\/wp\/v2\/categories?post=112854"},{"taxonomy":"post_tag","embeddable":true,"href":"https:\/\/www.europesays.com\/pt\/wp-json\/wp\/v2\/tags?post=112854"}],"curies":[{"name":"wp","href":"https:\/\/api.w.org\/{rel}","templated":true}]}}