{"id":112856,"date":"2025-10-16T08:27:22","date_gmt":"2025-10-16T08:27:22","guid":{"rendered":"https:\/\/www.europesays.com\/pt\/112856\/"},"modified":"2025-10-16T08:27:22","modified_gmt":"2025-10-16T08:27:22","slug":"fundacao-do-museu-da-imagem-e-do-som-abre-inscricoes-para-o-seu-1-concurso-fotografico","status":"publish","type":"post","link":"https:\/\/www.europesays.com\/pt\/112856\/","title":{"rendered":"Funda\u00e7\u00e3o do Museu da Imagem e do Som abre inscri\u00e7\u00f5es para o seu 1\u00b0 concurso fotogr\u00e1fico"},"content":{"rendered":"<p>            <a href=\"https:\/\/diariodorio.com\/wp-content\/uploads\/2021\/12\/IMG-THIAGO-LOUREIRO-1-scaled.jpg\" data-caption=\"Foto: Thiago Loureiro\" rel=\"nofollow noopener\" target=\"_blank\"><img loading=\"lazy\" decoding=\"async\" width=\"696\" height=\"464\" class=\"entry-thumb td-modal-image perfmatters-lazy\" alt=\"\" title=\"Museu da Imagem e do Som do Rio de Janeiro\" src=\"https:\/\/www.europesays.com\/pt\/wp-content\/uploads\/2025\/10\/IMG-THIAGO-LOUREIRO-1-696x464.jpg\"  data-\/><\/a>Foto: Thiago Loureiro<\/p>\n<p>As inscri\u00e7\u00f5es para o<strong> 1\u00ba Concurso Fotogr\u00e1fico<\/strong> da <strong>Funda\u00e7\u00e3o Museu da Imagem e do Som (F. MIS)<\/strong> <strong>do Rio de Janeir<\/strong>o seguem abertas at\u00e9 \u00e0s 18h do dia 24 de outubro deste ano. A iniciativa \u00e9 destinada a alunos do ensino b\u00e1sico ou superior, maiores de 18 anos, e matriculados em institui\u00e7\u00f5es p\u00fablicas de ensino fluminense. Ser\u00e3o selecionados 20 candidatos em quatro categorias, com pr\u00eamios em recursos financeiros. As inscri\u00e7\u00f5es podem ser feitas no <a href=\"https:\/\/www.rj.gov.br\/servico\/1o-concurso-fotografico-da-fundacao-museu-da imagem-e-do-som-do-estado-do-rio-de-janeiro43\" target=\"_blank\" rel=\"noopener nofollow\">site<\/a>.<\/p>\n<p>O presidente da F.MIS, <strong>Cesar Miranda Ribeiro<\/strong>, explica que o concurso tem como objetivo incentivar a juventude a refletir e valorizar a mem\u00f3ria e a identidade a partir dos registros fotogr\u00e1ficos:<\/p>\n<p>\u201cO concurso \u00e9 uma oportunidade de estimular novos olhares sobre a cultura fluminense, incentivando os jovens a refletirem sobre a import\u00e2ncia da mem\u00f3ria e da identidade por meio da fotografia. Queremos que cada imagem seja tamb\u00e9m um exerc\u00edcio de cidadania, capaz de revelar a diversidade de hist\u00f3rias que comp\u00f5em o nosso estado\u201d, afirma Cesar Ribeiro.<\/p>\n<p>As obras inscritas poder\u00e3o concorrer nas categorias:<strong> Lugar de Mem\u00f3ria<\/strong>, com abordagem fotogr\u00e1fica de espa\u00e7os ou objetos dotados de significado hist\u00f3rico, social ou afetivo, capazes de reavivar a mem\u00f3ria coletiva sobre figuras, eventos ou per\u00edodos marcantes; <strong>Manifesta\u00e7\u00f5es Art\u00edsticas<\/strong>, sobre express\u00f5es art\u00edsticas presentes no cotidiano fluminense, como rodas culturais, grafites, ensaios de escolas de samba ou apresenta\u00e7\u00f5es populares e institucionais; <strong>Al\u00e9m do Postal<\/strong>, relacionada a registrados de paisagens, cenas urbanas ou detalhes arquitet\u00f4nicos que ultrapassem os registros tur\u00edsticos convencionais; e <strong>Retratos do Cotidiano<\/strong>, categoria destinada a captar as rotinas, h\u00e1bitos e pr\u00e1ticas di\u00e1rias dos habitantes do Rio de Janeiro.<\/p>\n<p>Subordinada \u00e0 <strong>Secretaria de Estado de Cultura e Economia Criativa do Rio de Janeiro<\/strong>, a Funda\u00e7\u00e3o tem como miss\u00e3o preservar, pesquisar e divulgar a mem\u00f3ria audiovisual brasileira, com \u00eanfase na valoriza\u00e7\u00e3o da criatividade popular e da ind\u00fastria cultural fluminense.<\/p>\n<p>A institui\u00e7\u00e3o foi criada em 1965, no contexto das comemora\u00e7\u00f5es do <strong>IV Centen\u00e1rio<\/strong> da cidade do Rio de Janeiro, e desde ent\u00e3o \u00e9 refer\u00eancia na preserva\u00e7\u00e3o nacional de documentos que expressam a diversidade cultural do<strong> Brasil<\/strong>. Em seu acervo, a funda\u00e7\u00e3o re\u00fane quase 1 milh\u00e3o de itens, incluindo documentos audiovisuais, sonoros, textuais, iconogr\u00e1ficos e tridimensionais.<\/p>\n<p>Em 2025, a F.MIS inaugurou a primeira <strong>Fototeca Estadual do Rio de Janeiro<\/strong>, destinada \u00e0 preserva\u00e7\u00e3o e divulga\u00e7\u00e3o do patrim\u00f4nio iconogr\u00e1fico fluminense. O concurso lan\u00e7ado visa, nesse contexto, incentivar os estudantes da rede p\u00fablica de ensino a explorarem e desenvolverem novos olhares sobre o cotidiano, as manifesta\u00e7\u00f5es art\u00edsticas e os espa\u00e7os de mem\u00f3ria, por meio da fotografia.<\/p>\n<p>O edital completo com todas as informa\u00e7\u00f5es pode ser acessado neste link: <a href=\"https:\/\/fmis.rj.gov.br\/v1\/concurso_fotografico_fmis\/\" target=\"_blank\" rel=\"noopener nofollow\">Concurso Fotogr\u00e1fico FMIS \u2013 FMIS RJ \u2013 Funda\u00e7\u00e3o Museu da Imagem e do Som<\/a>.<\/p>\n<p><a href=\"https:\/\/diariodorio.com\/wp-content\/uploads\/2025\/10\/Imagem-do-WhatsApp-de-2025-10-14-as-15.56.56_cb18d923.jpg\" rel=\"nofollow noopener\" target=\"_blank\"><img fetchpriority=\"high\" decoding=\"async\" width=\"699\" height=\"1024\" src=\"https:\/\/www.europesays.com\/pt\/wp-content\/uploads\/2025\/10\/Imagem-do-WhatsApp-de-2025-10-14-as-15.56.56_cb18d923-699x1024.jpg\" alt=\"\" class=\"wp-image-485817\"  \/><\/a><\/p>\n<p>\t\t\t\t\t\t\tReceba not\u00edcias no WhatsApp e e-mail<br \/>\n<br \/>\n<a href=\"https:\/\/chat.whatsapp.com\/B6UA0N4QdhB5m0slUxAbqH\" target=\"blank\" class=\"tdm-inline-image-wrap\" rel=\"noopener nofollow\"><img loading=\"lazy\" decoding=\"async\" class=\"tdm-image td-fix-index td-lazy-img td-animation-stack-type0-2 perfmatters-lazy\" data-type=\"image_tag\" data-img-url=\"https:\/\/www.europesays.com\/pt\/wp-content\/uploads\/2025\/07\/diario-do-rio-whatsapp-200px.png\" title=\"Grupo Whatsapp\" width=\"150\" height=\"31\" style=\"width: 150px; display: inline-block;\" src=\"https:\/\/www.europesays.com\/pt\/wp-content\/uploads\/2025\/07\/diario-do-rio-whatsapp-200px.png\"\/><\/a><a href=\"https:\/\/lp.diariodorio.com\/l\/c4N05cABF1117\" target=\"blank\" class=\"tdm-inline-image-wrap\" rel=\"nofollow noopener\"><img loading=\"lazy\" decoding=\"async\" class=\"tdm-image td-fix-index td-lazy-img td-animation-stack-type0-2 perfmatters-lazy\" data-type=\"image_tag\" data-img-url=\"https:\/\/www.europesays.com\/pt\/wp-content\/uploads\/2025\/07\/ddr-newsletter-200px.png\" title=\"Newsletter\" width=\"150\" height=\"31\" style=\"width: 150px; display: inline-block;\" src=\"https:\/\/www.europesays.com\/pt\/wp-content\/uploads\/2025\/07\/ddr-newsletter-200px.png\"\/><\/a><\/p>\n<p>\t\t\t\t\t\t\t<a href=\"https:\/\/www.instagram.com\/igrejalapadosmercadores\/\" target=\"_blank\" rel=\"noopener nofollow\"><img loading=\"lazy\" decoding=\"async\" src=\"https:\/\/www.europesays.com\/pt\/wp-content\/uploads\/2025\/08\/lapa-dos-mercadores-2024.jpg\" alt=\"\" class=\"wp-image-mercadores lazy perfmatters-lazy\" width=\"570\" height=\"562\"\/><\/a><br \/>\n\t\t\t\t\t\t\t        <script async src=\"\/\/www.instagram.com\/embed.js\"><\/script><\/p>\n","protected":false},"excerpt":{"rendered":"Foto: Thiago Loureiro As inscri\u00e7\u00f5es para o 1\u00ba Concurso Fotogr\u00e1fico da Funda\u00e7\u00e3o Museu da Imagem e do Som&hellip;\n","protected":false},"author":2,"featured_media":112857,"comment_status":"","ping_status":"","sticky":false,"template":"","format":"standard","meta":{"footnotes":""},"categories":[144],"tags":[207,205,206,203,201,202,204,114,115,32,33],"class_list":{"0":"post-112856","1":"post","2":"type-post","3":"status-publish","4":"format-standard","5":"has-post-thumbnail","7":"category-arte-e-design","8":"tag-arte","9":"tag-arte-e-design","10":"tag-artedesign","11":"tag-arts","12":"tag-arts-and-design","13":"tag-artsanddesign","14":"tag-design","15":"tag-entertainment","16":"tag-entretenimento","17":"tag-portugal","18":"tag-pt"},"share_on_mastodon":{"url":"","error":""},"_links":{"self":[{"href":"https:\/\/www.europesays.com\/pt\/wp-json\/wp\/v2\/posts\/112856","targetHints":{"allow":["GET"]}}],"collection":[{"href":"https:\/\/www.europesays.com\/pt\/wp-json\/wp\/v2\/posts"}],"about":[{"href":"https:\/\/www.europesays.com\/pt\/wp-json\/wp\/v2\/types\/post"}],"author":[{"embeddable":true,"href":"https:\/\/www.europesays.com\/pt\/wp-json\/wp\/v2\/users\/2"}],"replies":[{"embeddable":true,"href":"https:\/\/www.europesays.com\/pt\/wp-json\/wp\/v2\/comments?post=112856"}],"version-history":[{"count":0,"href":"https:\/\/www.europesays.com\/pt\/wp-json\/wp\/v2\/posts\/112856\/revisions"}],"wp:featuredmedia":[{"embeddable":true,"href":"https:\/\/www.europesays.com\/pt\/wp-json\/wp\/v2\/media\/112857"}],"wp:attachment":[{"href":"https:\/\/www.europesays.com\/pt\/wp-json\/wp\/v2\/media?parent=112856"}],"wp:term":[{"taxonomy":"category","embeddable":true,"href":"https:\/\/www.europesays.com\/pt\/wp-json\/wp\/v2\/categories?post=112856"},{"taxonomy":"post_tag","embeddable":true,"href":"https:\/\/www.europesays.com\/pt\/wp-json\/wp\/v2\/tags?post=112856"}],"curies":[{"name":"wp","href":"https:\/\/api.w.org\/{rel}","templated":true}]}}