{"id":112858,"date":"2025-10-16T08:29:17","date_gmt":"2025-10-16T08:29:17","guid":{"rendered":"https:\/\/www.europesays.com\/pt\/112858\/"},"modified":"2025-10-16T08:29:17","modified_gmt":"2025-10-16T08:29:17","slug":"a-fazenda-eva-continua-refem-e-vive-momento-de-panico-com-joel-novelas","status":"publish","type":"post","link":"https:\/\/www.europesays.com\/pt\/112858\/","title":{"rendered":"A Fazenda: Eva continua ref\u00e9m e vive momento de p\u00e2nico com Joel &#8211; Novelas"},"content":{"rendered":"<p>\t\t\t\t<a target=\"_blank\" href=\"https:\/\/tvipass.iol.pt\/app\" rel=\"nofollow noopener\"><\/p>\n<p>Conhe\u00e7a a TVI, ganhe pr\u00e9mios e muito mais!<\/p>\n<p>Descarregue a APP<\/p>\n<p>\t\t          <\/a><\/p>\n<p>Em \u00abA Fazenda\u00bb, Eva (Margarida Corceiro) continua presa dentro do carro, avisando Joel (Jo\u00e3o Jesus) que n\u00e3o vai chegar a lado nenhum em mant\u00ea-la ref\u00e9m. Joel ignora-a, disfar\u00e7ando a sua apreens\u00e3o.<\/p>\n","protected":false},"excerpt":{"rendered":"Conhe\u00e7a a TVI, ganhe pr\u00e9mios e muito mais! Descarregue a APP Em \u00abA Fazenda\u00bb, Eva (Margarida Corceiro) continua&hellip;\n","protected":false},"author":2,"featured_media":112859,"comment_status":"","ping_status":"","sticky":false,"template":"","format":"standard","meta":{"footnotes":""},"categories":[142],"tags":[657,160,166,114,115,157,167,164,2931,161,158,165,159,32,33,156,163,151,162],"class_list":{"0":"post-112858","1":"post","2":"type-post","3":"status-publish","4":"format-standard","5":"has-post-thumbnail","7":"category-tv","8":"tag-a-fazenda","9":"tag-ana-guiomar","10":"tag-cristina-ferreira","11":"tag-entertainment","12":"tag-entretenimento","13":"tag-festa-e-festa","14":"tag-ficcao","15":"tag-jose-fidalgo","16":"tag-novela","17":"tag-novelas","18":"tag-para-sempre","19":"tag-pedro-sousa","20":"tag-pedro-teixeira","21":"tag-portugal","22":"tag-pt","23":"tag-queridos-papas","24":"tag-tiago-teotonio-pereira","25":"tag-tv","26":"tag-tvi"},"share_on_mastodon":{"url":"","error":""},"_links":{"self":[{"href":"https:\/\/www.europesays.com\/pt\/wp-json\/wp\/v2\/posts\/112858","targetHints":{"allow":["GET"]}}],"collection":[{"href":"https:\/\/www.europesays.com\/pt\/wp-json\/wp\/v2\/posts"}],"about":[{"href":"https:\/\/www.europesays.com\/pt\/wp-json\/wp\/v2\/types\/post"}],"author":[{"embeddable":true,"href":"https:\/\/www.europesays.com\/pt\/wp-json\/wp\/v2\/users\/2"}],"replies":[{"embeddable":true,"href":"https:\/\/www.europesays.com\/pt\/wp-json\/wp\/v2\/comments?post=112858"}],"version-history":[{"count":0,"href":"https:\/\/www.europesays.com\/pt\/wp-json\/wp\/v2\/posts\/112858\/revisions"}],"wp:featuredmedia":[{"embeddable":true,"href":"https:\/\/www.europesays.com\/pt\/wp-json\/wp\/v2\/media\/112859"}],"wp:attachment":[{"href":"https:\/\/www.europesays.com\/pt\/wp-json\/wp\/v2\/media?parent=112858"}],"wp:term":[{"taxonomy":"category","embeddable":true,"href":"https:\/\/www.europesays.com\/pt\/wp-json\/wp\/v2\/categories?post=112858"},{"taxonomy":"post_tag","embeddable":true,"href":"https:\/\/www.europesays.com\/pt\/wp-json\/wp\/v2\/tags?post=112858"}],"curies":[{"name":"wp","href":"https:\/\/api.w.org\/{rel}","templated":true}]}}