{"id":112860,"date":"2025-10-16T08:32:09","date_gmt":"2025-10-16T08:32:09","guid":{"rendered":"https:\/\/www.europesays.com\/pt\/112860\/"},"modified":"2025-10-16T08:32:09","modified_gmt":"2025-10-16T08:32:09","slug":"rui-costa-e-a-renovacao-de-joao-rego-ja-devia-ter-sido-feita","status":"publish","type":"post","link":"https:\/\/www.europesays.com\/pt\/112860\/","title":{"rendered":"Rui Costa e a renova\u00e7\u00e3o de Jo\u00e3o Rego: \u00abJ\u00e1 devia ter sido feita\u00bb"},"content":{"rendered":"<p style=\"margin-bottom:11px\">Jo\u00e3o Rego somou os primeiros minutos esta temporada j\u00e1 ap\u00f3s a entrada de Jos\u00e9 Mourinho no comando t\u00e9cnico do Benfica, mas \u00e9 uma das prioridades de Rui Costa no dossier das renova\u00e7\u00f5es.<\/p>\n<p>\u00abAinda n\u00e3o renovou, est\u00e1 em processo de renova\u00e7\u00e3o, mas n\u00e3o \u00e9 um problema para o Benfica. Tem contrato at\u00e9 2028, h\u00e1 um processo de renova\u00e7\u00e3o que tem de ser feito. H\u00e1 tempo, mas j\u00e1 devia ter sido feito\u00bb, reconheceu o presidente dos encarnados, em entrevista ao podcast \u00abMata-Mata\u00bb.<\/p>\n<p>\u00abO Benfica est\u00e1 salvaguardado nesse aspeto, quero salvaguardar acima de tudo o pr\u00f3prio jogador. Temos muitas p\u00e9rolas no Seixal. Falo do Jo\u00e3o Rego porque, dos que est\u00e3o a trabalhar com a equipa principal, dos que est\u00e3o a aparecer, \u00e9 o que est\u00e1 a ter mais minutos\u00bb, completou.<\/p>\n<p>Na \u00faltima \u00e9poca, o atacante de 20 anos somou 13 jogos, tendo apontado um golo. Na presente \u00e9poca, participou em tr\u00eas partidas, num total de apenas 16 minutos.<\/p>\n","protected":false},"excerpt":{"rendered":"Jo\u00e3o Rego somou os primeiros minutos esta temporada j\u00e1 ap\u00f3s a entrada de Jos\u00e9 Mourinho no comando t\u00e9cnico&hellip;\n","protected":false},"author":2,"featured_media":112861,"comment_status":"","ping_status":"","sticky":false,"template":"","format":"standard","meta":{"footnotes":""},"categories":[87],"tags":[51,135,5772,46,42,41,32,33,47,3782,6058,134],"class_list":{"0":"post-112860","1":"post","2":"type-post","3":"status-publish","4":"format-standard","5":"has-post-thumbnail","7":"category-desporto","8":"tag-benfica","9":"tag-desporto","10":"tag-joao-rego","11":"tag-maisfutebol","12":"tag-mercado","13":"tag-mercado-de-transferencias","14":"tag-portugal","15":"tag-pt","16":"tag-pura-paixao","17":"tag-renovacao","18":"tag-rui-costa","19":"tag-sports"},"share_on_mastodon":{"url":"","error":""},"_links":{"self":[{"href":"https:\/\/www.europesays.com\/pt\/wp-json\/wp\/v2\/posts\/112860","targetHints":{"allow":["GET"]}}],"collection":[{"href":"https:\/\/www.europesays.com\/pt\/wp-json\/wp\/v2\/posts"}],"about":[{"href":"https:\/\/www.europesays.com\/pt\/wp-json\/wp\/v2\/types\/post"}],"author":[{"embeddable":true,"href":"https:\/\/www.europesays.com\/pt\/wp-json\/wp\/v2\/users\/2"}],"replies":[{"embeddable":true,"href":"https:\/\/www.europesays.com\/pt\/wp-json\/wp\/v2\/comments?post=112860"}],"version-history":[{"count":0,"href":"https:\/\/www.europesays.com\/pt\/wp-json\/wp\/v2\/posts\/112860\/revisions"}],"wp:featuredmedia":[{"embeddable":true,"href":"https:\/\/www.europesays.com\/pt\/wp-json\/wp\/v2\/media\/112861"}],"wp:attachment":[{"href":"https:\/\/www.europesays.com\/pt\/wp-json\/wp\/v2\/media?parent=112860"}],"wp:term":[{"taxonomy":"category","embeddable":true,"href":"https:\/\/www.europesays.com\/pt\/wp-json\/wp\/v2\/categories?post=112860"},{"taxonomy":"post_tag","embeddable":true,"href":"https:\/\/www.europesays.com\/pt\/wp-json\/wp\/v2\/tags?post=112860"}],"curies":[{"name":"wp","href":"https:\/\/api.w.org\/{rel}","templated":true}]}}