{"id":112870,"date":"2025-10-16T08:40:08","date_gmt":"2025-10-16T08:40:08","guid":{"rendered":"https:\/\/www.europesays.com\/pt\/112870\/"},"modified":"2025-10-16T08:40:08","modified_gmt":"2025-10-16T08:40:08","slug":"camila-queiroz-mostra-o-barrigao-em-ensaio-romantico-na-praia-com-klebber-toledo","status":"publish","type":"post","link":"https:\/\/www.europesays.com\/pt\/112870\/","title":{"rendered":"Camila Queiroz mostra o barrig\u00e3o em ensaio rom\u00e2ntico na praia com Klebber Toledo"},"content":{"rendered":"<p>\u00c0 espera da primeira filha, <a href=\"https:\/\/caras.com.br\/tags\/camila-queiroz\" target=\"_blank\" rel=\"noopener nofollow\"><strong>Camila Queiroz<\/strong><\/a> e\u00a0<a href=\"https:\/\/caras.com.br\/tags\/klebber-toledo\" target=\"_blank\" rel=\"noopener nofollow\"><strong>Klebber Toledo<\/strong><\/a> realizaram um ensaio fotogr\u00e1fico encantador para celebrar a fase especial que est\u00e3o vivendo.<\/p>\n<p>Nesta quarta-feira, 15, a atriz compartilhou em suas redes sociais alguns registros que tirou ao lado do amado na praia. Nas imagens, a mam\u00e3e deixa o barrig\u00e3o \u00e0 mostra ao surgir usando um top branco e uma cal\u00e7a. J\u00e1 o papai estava com uma camiseta e uma cal\u00e7a.<\/p>\n<p>Os dois aparecem sorridentes enquanto caminha pela areia, al\u00e9m disso, eles tamb\u00e9m posaram em clima de romance em meio ao belo cen\u00e1rio.\u00a0\u201cA alegria em sua forma mais pura\u201d, escreveu Camila na legenda da publica\u00e7\u00e3o.<\/p>\n<p>O post recebeu diversos elogios. \u201cAmo demais voc\u00eas duas\u201d, declarou Klebber Toledo.\u00a0\u201cLindos demais\u201d, comentou\u00a0<strong>Sabrina Sato<\/strong>.\u00a0\u201cVem a\u00ed a menininha mais linda do mundo\u201d, afirmou uma seguidora.\u00a0\u201cDeus aben\u00e7oe essa fam\u00edlia\u201d, desejou outra. \u201cFam\u00edlia preciosa demais\u201d, falou uma f\u00e3.<\/p>\n<p>Vale lembrar que Camila Queiroz e Klebber Toledo anunciaram a gesta\u00e7\u00e3o em julho deste ano. \u201cH\u00e1 5 meses esperando o amor da nossa vida\u201d, escreveu eles na ocasi\u00e3o. J\u00e1 em agosto, os atores revelaram o sexo do beb\u00ea. O casal realizou um ch\u00e1 revela\u00e7\u00e3o intimista e <a href=\"https:\/\/caras.com.br\/bebe\/menino-ou-menina-camila-queiroz-e-klebber-toledo-descobrem-o-genero-do-bebe.phtml\" target=\"_blank\" rel=\"noopener nofollow\">descobriram que teriam uma menina<\/a> atrav\u00e9s do recheio de um bolo.\u00a0\u201cHoje comemoramos 7 anos de casados e n\u00e3o h\u00e1 forma melhor de celebrar do que compartilhando o dia em que descobrimos o sexo do nosso grande amor. Sempre sonhamos e soubemos que seria voc\u00ea\u2026. Todo amor e prote\u00e7\u00e3o do mundo\u201d, disseram.<\/p>\n<p><strong>Confira:<\/strong><\/p>\n<blockquote class=\"instagram-media\" style=\"background: #FFF; border: 0; border-radius: 3px; box-shadow: 0 0 1px 0 rgba(0,0,0,0.5),0 1px 10px 0 rgba(0,0,0,0.15); margin: 1px; max-width: 540px; min-width: 326px; padding: 0; width: calc(100% - 2px);\" data-instgrm-permalink=\"https:\/\/www.instagram.com\/p\/DP2FYcYDnNh\/?utm_source=ig_embed&amp;utm_campaign=loading\" data-instgrm-version=\"14\"><\/blockquote>\n<p>A atriz Camila Queiroz prestou uma homenagem especial para Klebber Toledo no primeiro Dia dos Pais do amado. Ela compartilhou fotos do casal com os pets e escreveu: \u201cFeliz Dia dos Pais, meu amor. Voc\u00ea sempre foi o melhor paizinho do mundo para as nossas quatro meninas. Te amamos, papai. Mal posso esperar por tudo o que ainda vamos viver juntos. Voc\u00ea \u00e9 o amor das nossas vidas\u201d, declarou.\u00a0 <a href=\"https:\/\/caras.com.br\/datas-especiais\/camila-queiroz-homenageia-klebber-toledo-em-seu-primeiro-dia-dos-pais.phtml\" target=\"_blank\" rel=\"noopener nofollow\"><strong>Veja!<\/strong><\/a><\/p>\n<p><strong>Leia tamb\u00e9m:<\/strong>\u00a0 <a href=\"https:\/\/caras.com.br\/bebe\/gravida-camila-queiroz-surpreende-ao-mostrar-como-ja-esta-sua-barriga.phtml\" target=\"_blank\" rel=\"noopener nofollow\">Gr\u00e1vida, Camila Queiroz surpreende ao mostrar como j\u00e1 est\u00e1 sua barriga<\/a><\/p>\n<p>        <a href=\"https:\/\/caras.com.br\/autor\/daniela-santos\" rel=\"nofollow noopener\" target=\"_blank\">&#13;<br \/>\n          <img loading=\"lazy\" decoding=\"async\" alt=\"Daniela Santos\" src=\"https:\/\/www.europesays.com\/pt\/wp-content\/uploads\/2025\/09\/1758949148_187_daniela-santos_sqmd.jpg\" class=\"avatar avatar-115 photo rounded-circle\" height=\"115\" width=\"115\"\/>        <\/a><\/p>\n<p><b>Daniela Santos<\/b> \u00e9 rep\u00f3rter do site CARAS. Formada em jornalismo pela FIAM FAAM, atua na \u00e1rea de celebridades e TV desde 2018<\/p>\n<p>\t                                            <script async src=\"\/\/www.instagram.com\/embed.js\"><\/script><\/p>\n","protected":false},"excerpt":{"rendered":"\u00c0 espera da primeira filha, Camila Queiroz e\u00a0Klebber Toledo realizaram um ensaio fotogr\u00e1fico encantador para celebrar a fase&hellip;\n","protected":false},"author":2,"featured_media":112871,"comment_status":"","ping_status":"","sticky":false,"template":"","format":"standard","meta":{"footnotes":""},"categories":[145],"tags":[26610,11700,211,210,114,115,2611,1041,26611,32,80,33],"class_list":{"0":"post-112870","1":"post","2":"type-post","3":"status-publish","4":"format-standard","5":"has-post-thumbnail","7":"category-celebridades","8":"tag-barrigao","9":"tag-camila-queiroz","10":"tag-celebridades","11":"tag-celebrities","12":"tag-entertainment","13":"tag-entretenimento","14":"tag-gravida","15":"tag-gravidez","16":"tag-klebber-toledo","17":"tag-portugal","18":"tag-praia","19":"tag-pt"},"share_on_mastodon":{"url":"","error":""},"_links":{"self":[{"href":"https:\/\/www.europesays.com\/pt\/wp-json\/wp\/v2\/posts\/112870","targetHints":{"allow":["GET"]}}],"collection":[{"href":"https:\/\/www.europesays.com\/pt\/wp-json\/wp\/v2\/posts"}],"about":[{"href":"https:\/\/www.europesays.com\/pt\/wp-json\/wp\/v2\/types\/post"}],"author":[{"embeddable":true,"href":"https:\/\/www.europesays.com\/pt\/wp-json\/wp\/v2\/users\/2"}],"replies":[{"embeddable":true,"href":"https:\/\/www.europesays.com\/pt\/wp-json\/wp\/v2\/comments?post=112870"}],"version-history":[{"count":0,"href":"https:\/\/www.europesays.com\/pt\/wp-json\/wp\/v2\/posts\/112870\/revisions"}],"wp:featuredmedia":[{"embeddable":true,"href":"https:\/\/www.europesays.com\/pt\/wp-json\/wp\/v2\/media\/112871"}],"wp:attachment":[{"href":"https:\/\/www.europesays.com\/pt\/wp-json\/wp\/v2\/media?parent=112870"}],"wp:term":[{"taxonomy":"category","embeddable":true,"href":"https:\/\/www.europesays.com\/pt\/wp-json\/wp\/v2\/categories?post=112870"},{"taxonomy":"post_tag","embeddable":true,"href":"https:\/\/www.europesays.com\/pt\/wp-json\/wp\/v2\/tags?post=112870"}],"curies":[{"name":"wp","href":"https:\/\/api.w.org\/{rel}","templated":true}]}}