{"id":112895,"date":"2025-10-16T09:10:16","date_gmt":"2025-10-16T09:10:16","guid":{"rendered":"https:\/\/www.europesays.com\/pt\/112895\/"},"modified":"2025-10-16T09:10:16","modified_gmt":"2025-10-16T09:10:16","slug":"mal-e-um-cao-de-82-quilogramas-que-se-tornou-uma-celebridade-local-inglaterra","status":"publish","type":"post","link":"https:\/\/www.europesays.com\/pt\/112895\/","title":{"rendered":"Mal \u00e9 um c\u00e3o de 82 quilogramas que se tornou uma \u201ccelebridade local\u201d | Inglaterra"},"content":{"rendered":"<p>Amy Sharp decidiu adoptar um cachorrinho malamute-do-Alasca h\u00e1 cinco anos, depois de o c\u00e3o da fam\u00edlia inglesa, um husky de 13 anos, ter morrido, conta a <a href=\"https:\/\/www.bbc.com\/news\/articles\/c20vr00plz4o\" rel=\"nofollow noopener\" target=\"_blank\">BBC<\/a>. J\u00e1 estava habituada, por isso, a c\u00e3es grandes, mas n\u00e3o esperava um c\u00e3o que pesasse mais de 80 quilogramas.<\/p>\n<p>Agora, conta a dona \u00e0 esta\u00e7\u00e3o de televis\u00e3o brit\u00e2nica <a href=\"https:\/\/www.bbc.com\/news\/articles\/c20vr00plz4o\" rel=\"nofollow noopener\" target=\"_blank\">BBC<\/a>, \u201ca coleira dele \u00e9 do tamanho do cinto de uma pessoa\u201d. \u00c0 medida que o tamanho aumentou, tamb\u00e9m a responsabilidade cresceu. \u201cEle simplesmente continuava a crescer\u201d, conta a dona. Esta ra\u00e7a \u00e9 geralmente usada para puxar tren\u00f3s, pelo que tem muita for\u00e7a. Mas, de acordo com a organiza\u00e7\u00e3o de cuidados veterin\u00e1rios <a href=\"https:\/\/www.pdsa.org.uk\/\" rel=\"nofollow noopener\" target=\"_blank\">PDSA<\/a>, n\u00e3o costuma ultrapassar os 39 quilogramas. Mal pesa mais do dobro.<\/p>\n<p>Um dos desafios de ter um<a href=\"https:\/\/www.publico.pt\/p3\/pet\" rel=\"nofollow noopener\" target=\"_blank\"> c\u00e3o <\/a>deste tamanho \u00e9 encontrar algu\u00e9m para o tosquiar, conta Amy. Recentemente, encontrou algu\u00e9m que o fizesse, atrav\u00e9s de um pedido de ajuda nas <a href=\"https:\/\/www.facebook.com\/photo?fbid=25136409819298910&amp;set=gm.10164198595605739&amp;idorvanity=294243870738\" rel=\"nofollow noopener\" target=\"_blank\">redes sociais<\/a>, segundo o mesmo artigo da <a href=\"https:\/\/www.bbc.com\/news\/articles\/c20vr00plz4o\" rel=\"nofollow noopener\" target=\"_blank\">BBC<\/a>.<\/p>\n<p>Joan Sheehan \u00e9 membro do clube de malamutes-do-Alasca e contou ao <a href=\"https:\/\/www.bbc.com\/news\/articles\/c20vr00plz4o\" rel=\"nofollow noopener\" target=\"_blank\">jornal brit\u00e2nico <\/a>que estes c\u00e3es envolvem muita for\u00e7a \u201cf\u00edsica e mental\u201d. Amy relata que, de facto, al\u00e9m de forte Mal \u00e9 \u201cmuito teimoso\u201d. Nos passeios, por vezes \u201csenta-se porque n\u00e3o quer ir para casa e ningu\u00e9m o consegue tirar dali\u201d. Mas tamb\u00e9m por isso nenhum dos vizinhos o consegue ignorar e o c\u00e3o \u201ctornou-se uma celebridade local\u201d.<\/p>\n<p>        &#13;<\/p>\n<p>&#13;<br \/>\n                &#13;\n            <\/p>\n<p>&#13;<\/p>\n<p>Ainda assim, Amy garante que \u201cn\u00e3o se arrepende\u201d da escolha do c\u00e3o, que diz ser um \u201cgigante gentil\u201d.<\/p>\n","protected":false},"excerpt":{"rendered":"Amy Sharp decidiu adoptar um cachorrinho malamute-do-Alasca h\u00e1 cinco anos, depois de o c\u00e3o da fam\u00edlia inglesa, um&hellip;\n","protected":false},"author":2,"featured_media":112896,"comment_status":"","ping_status":"","sticky":false,"template":"","format":"standard","meta":{"footnotes":""},"categories":[50],"tags":[27,28,6941,15,16,14,665,25,26,21,22,62,12,13,19,20,534,542,8570,23,24,17,18,29,30,31,63,64,65],"class_list":{"0":"post-112895","1":"post","2":"type-post","3":"status-publish","4":"format-standard","5":"has-post-thumbnail","7":"category-mundo","8":"tag-breaking-news","9":"tag-breakingnews","10":"tag-cao","11":"tag-featured-news","12":"tag-featurednews","13":"tag-headlines","14":"tag-inglaterra","15":"tag-latest-news","16":"tag-latestnews","17":"tag-main-news","18":"tag-mainnews","19":"tag-mundo","20":"tag-news","21":"tag-noticias","22":"tag-noticias-principais","23":"tag-noticiasprincipais","24":"tag-p3","25":"tag-para-redes","26":"tag-pet","27":"tag-principais-noticias","28":"tag-principaisnoticias","29":"tag-top-stories","30":"tag-topstories","31":"tag-ultimas","32":"tag-ultimas-noticias","33":"tag-ultimasnoticias","34":"tag-world","35":"tag-world-news","36":"tag-worldnews"},"share_on_mastodon":{"url":"","error":""},"_links":{"self":[{"href":"https:\/\/www.europesays.com\/pt\/wp-json\/wp\/v2\/posts\/112895","targetHints":{"allow":["GET"]}}],"collection":[{"href":"https:\/\/www.europesays.com\/pt\/wp-json\/wp\/v2\/posts"}],"about":[{"href":"https:\/\/www.europesays.com\/pt\/wp-json\/wp\/v2\/types\/post"}],"author":[{"embeddable":true,"href":"https:\/\/www.europesays.com\/pt\/wp-json\/wp\/v2\/users\/2"}],"replies":[{"embeddable":true,"href":"https:\/\/www.europesays.com\/pt\/wp-json\/wp\/v2\/comments?post=112895"}],"version-history":[{"count":0,"href":"https:\/\/www.europesays.com\/pt\/wp-json\/wp\/v2\/posts\/112895\/revisions"}],"wp:featuredmedia":[{"embeddable":true,"href":"https:\/\/www.europesays.com\/pt\/wp-json\/wp\/v2\/media\/112896"}],"wp:attachment":[{"href":"https:\/\/www.europesays.com\/pt\/wp-json\/wp\/v2\/media?parent=112895"}],"wp:term":[{"taxonomy":"category","embeddable":true,"href":"https:\/\/www.europesays.com\/pt\/wp-json\/wp\/v2\/categories?post=112895"},{"taxonomy":"post_tag","embeddable":true,"href":"https:\/\/www.europesays.com\/pt\/wp-json\/wp\/v2\/tags?post=112895"}],"curies":[{"name":"wp","href":"https:\/\/api.w.org\/{rel}","templated":true}]}}