{"id":112899,"date":"2025-10-16T09:13:20","date_gmt":"2025-10-16T09:13:20","guid":{"rendered":"https:\/\/www.europesays.com\/pt\/112899\/"},"modified":"2025-10-16T09:13:20","modified_gmt":"2025-10-16T09:13:20","slug":"suzana-alves-reflete-sobre-dor-em-encontro-com-tiazinha-15-10-2025-celebridades","status":"publish","type":"post","link":"https:\/\/www.europesays.com\/pt\/112899\/","title":{"rendered":"Suzana Alves reflete sobre dor em encontro com Tiazinha &#8211; 15\/10\/2025 &#8211; Celebridades"},"content":{"rendered":"<p>\n<strong class=\"c-signature__location\">Rio de Janeiro<\/strong>\n<\/p>\n<p>Suzana Alves, 47, entrou na tend\u00eancia que tem feito sucesso nas redes sociais: usar intelig\u00eancia artificial (IA) para criar imagens em que a pessoa abra\u00e7a sua vers\u00e3o do passado. Em uma postagem no Instagram nesta quarta-feira (15), <a href=\"https:\/\/f5.folha.uol.com.br\/celebridades\/2025\/05\/suzana-alves-critica-o-carnaval-e-relata-experiencia-espiritual-vi-demonios-no-desfile.shtml\" rel=\"nofollow noopener\" target=\"\">a atriz surge ao lado de Tiazinha, a ic\u00f4nica personagem do programa H,<\/a> de Luciano Huck, exibido na Band no final dos anos 1990.<\/p>\n","protected":false},"excerpt":{"rendered":"Rio de Janeiro Suzana Alves, 47, entrou na tend\u00eancia que tem feito sucesso nas redes sociais: usar intelig\u00eancia&hellip;\n","protected":false},"author":2,"featured_media":112900,"comment_status":"","ping_status":"","sticky":false,"template":"","format":"standard","meta":{"footnotes":""},"categories":[145],"tags":[219,211,210,223,114,115,224,225,226,221,220,222,32,33,3429,218,26612,228,227],"class_list":{"0":"post-112899","1":"post","2":"type-post","3":"status-publish","4":"format-standard","5":"has-post-thumbnail","7":"category-celebridades","8":"tag-bichos","9":"tag-celebridades","10":"tag-celebrities","11":"tag-colunistas","12":"tag-entertainment","13":"tag-entretenimento","14":"tag-estranho","15":"tag-eu-amo","16":"tag-fofices","17":"tag-horoscopo","18":"tag-humanos","19":"tag-humor","20":"tag-portugal","21":"tag-pt","22":"tag-suzana-alves","23":"tag-televisao","24":"tag-tiazinha","25":"tag-tudo","26":"tag-videos"},"share_on_mastodon":{"url":"","error":""},"_links":{"self":[{"href":"https:\/\/www.europesays.com\/pt\/wp-json\/wp\/v2\/posts\/112899","targetHints":{"allow":["GET"]}}],"collection":[{"href":"https:\/\/www.europesays.com\/pt\/wp-json\/wp\/v2\/posts"}],"about":[{"href":"https:\/\/www.europesays.com\/pt\/wp-json\/wp\/v2\/types\/post"}],"author":[{"embeddable":true,"href":"https:\/\/www.europesays.com\/pt\/wp-json\/wp\/v2\/users\/2"}],"replies":[{"embeddable":true,"href":"https:\/\/www.europesays.com\/pt\/wp-json\/wp\/v2\/comments?post=112899"}],"version-history":[{"count":0,"href":"https:\/\/www.europesays.com\/pt\/wp-json\/wp\/v2\/posts\/112899\/revisions"}],"wp:featuredmedia":[{"embeddable":true,"href":"https:\/\/www.europesays.com\/pt\/wp-json\/wp\/v2\/media\/112900"}],"wp:attachment":[{"href":"https:\/\/www.europesays.com\/pt\/wp-json\/wp\/v2\/media?parent=112899"}],"wp:term":[{"taxonomy":"category","embeddable":true,"href":"https:\/\/www.europesays.com\/pt\/wp-json\/wp\/v2\/categories?post=112899"},{"taxonomy":"post_tag","embeddable":true,"href":"https:\/\/www.europesays.com\/pt\/wp-json\/wp\/v2\/tags?post=112899"}],"curies":[{"name":"wp","href":"https:\/\/api.w.org\/{rel}","templated":true}]}}