{"id":112909,"date":"2025-10-16T09:24:17","date_gmt":"2025-10-16T09:24:17","guid":{"rendered":"https:\/\/www.europesays.com\/pt\/112909\/"},"modified":"2025-10-16T09:24:17","modified_gmt":"2025-10-16T09:24:17","slug":"palestiniano-libertado-revela-tortura-em-israel-espancados-ate-a-morte","status":"publish","type":"post","link":"https:\/\/www.europesays.com\/pt\/112909\/","title":{"rendered":"Palestiniano libertado revela tortura em Israel: &#8220;Espancados at\u00e9 \u00e0 morte&#8221;"},"content":{"rendered":"<p>Akram al Basyouni, de 45 anos, vivia no norte de Gaza. Foi um dos cerca de 1.700 palestinianos que foram libertados na passada segunda-feira, dia 13 de outubro, devido ao acordo de paz assinado entre o pa\u00eds e o Hamas. <\/p>\n<p>Akram al Basyouni foi preso pelas for\u00e7as israelitas no dia 10 de dezembro de 2023 quando estava num abrigo em Jabalia.<\/p>\n<p>&#8220;Muitos dos nossos companheiros foram espancados at\u00e9 \u00e0 morte. Quando grit\u00e1vamos por ajuda aos guardas, eles respondiam friamente: &#8216;Deixem-no morrer&#8217;. Cinco minutos depois, levavam o corpo, embrulhavam-no num saco e fechavam a porta&#8221;, contou numa entrevista \u00e0 Sky News.<\/p>\n<p>O palestiniano revelou ainda que, diariamente, ele e os companheiros eram torturados, espancados com cacetetes, atacados por c\u00e3es e era-lhes lan\u00e7ado g\u00e1s naquilo a que os guardas chamavam de &#8220;cerim\u00f3nia de boas-vindas&#8221;.<\/p>\n<p>&#8220;Batiam-nos com tanta viol\u00eancia que fraturam as nossas costelas. Derramaram \u00e1gua a ferver sobre o rosto e as costas dos jovens at\u00e9 a pele descascar. Fic\u00e1vamos sentados no ch\u00e3o de metal frio durante dias, punidos at\u00e9 por pedir ajuda&#8221;, continuou.<\/p>\n<p>Al Basyouni alegou ainda que os prisioneiros eram for\u00e7ados a permanecer de joelhos durante longas horas, privados de roupas e cobertores e submetidos a abusos religiosos e psicol\u00f3gicos.<\/p>\n<p>&#8220;Eles amaldi\u00e7oaram o Profeta, rasgaram o Alcor\u00e3o \u00e0 nossa frente e insultaram as nossas m\u00e3es e irm\u00e3s com uma linguagem desagrad\u00e1vel&#8221;, disse, acrescentando que os guardas disseram aos prisioneiros que as suas fam\u00edlias &#8220;estavam mortas&#8221; e que &#8220;n\u00e3o havia mais Gaza&#8221;.<\/p>\n<p>Os relatos de Al Basyouni v\u00e3o de encontro aos de muitos outros prisioneiros palestinianos j\u00e1 libertados e que denunciaram espancamentos, falta de comida e priva\u00e7\u00e3o de assist\u00eancia m\u00e9dica. <\/p>\n<p>O palestiniano de 45 anos relatou que muitos dos prisioneiros, incluindo m\u00e9dicos, morreram devido a espancamentos e\/ou neglig\u00eancia m\u00e9dica. <\/p>\n<p>&#8220;Ouvi falar do Dr. Adnan al Brush. Foi atingido no peito por um guarda prisional, na zona do cora\u00e7\u00e3o. Perdeu a consci\u00eancia imediatamente e morreu cinco minutos depois&#8221;, contou.<\/p>\n<p>Uma investiga\u00e7\u00e3o da Sky News apurou que o Dr. al-Brush, um dos cirurgi\u00f5es mais respeitados de Gaza, morreu depois de ter sido torturado, tendo tido v\u00e1rias costelas fraturadas e ferimentos graves enquanto esteve na pris\u00e3o de Ofer.<\/p>\n<p>Akram al Basyouni afirmou ainda que conheceu um outro m\u00e9dico, o Dr. Hossam Abu Safiya, em Ofer e revelou que um outro m\u00e9dico foi submetido a &#8220;torturas severas e cont\u00ednuas&#8221;.<\/p>\n<p>De acordo com um relat\u00f3rio das Na\u00e7\u00f5es Unidas (ONU) de 2024, desde o dia 7 de outubro de 2023, milhares de palestinianos foram mantidos arbitrariamente por Israel, estando incontact\u00e1veis, acorrentados, submetidos a tortura e privados de \u00e1gua, comida, sono e assist\u00eancia m\u00e9dica. <\/p>\n<p>Por seu turno, Israel afirmou estar a seguir os padr\u00f5es legais nacionais e internacionais para o tratamento de prisioneiros e que quaisquer viola\u00e7\u00f5es cometidas por funcion\u00e1rios da pris\u00e3o s\u00e3o investigadas. <\/p>\n<p>Note-se ainda que o ministro da Seguran\u00e7a Nacional israelita, Ben-Gvir, que supervisiona as pris\u00f5es do pa\u00eds, gabou-se diversas vezes de tornar as condi\u00e7\u00f5es para os palestinianos as mais duras poss\u00edveis, mas dentro da lei.<\/p>\n<p>O meio brit\u00e2nico entrou em contacto com o Servi\u00e7o Prisional de Israel e com as For\u00e7as de Defesa israelitas para obter um coment\u00e1rio sobre o assunto. No entanto, n\u00e3o obteve respostas. <\/p>\n<p>A troca de ref\u00e9ns israelitas e de prisioneiros palestinianos<\/p>\n<p>O Hamas libertou os \u00faltimos 20 ref\u00e9ns vivos e Israel libertou quase 2.000 prisioneiros palestinianos, na manh\u00e3 desta segunda-feira, como parte de um acordo de cessar-fogo, negociado pelo presidente norte-americano, Donald Trump, que aterrou hoje em Israel, a proclamar o &#8220;fim&#8221; da guerra.<\/p>\n<p>A come\u00e7ar de madrugada, no total 20 ref\u00e9ns foram libertados e devolvidos a Israel pelo Hamas, sendo pouco depois soltos 1.968 palestinianos por Israel, que podem ser vistos, nas imagens, a chegar \u00e0 cidade de Ramallah, na Cisjord\u00e2nia, de autocarro.<\/p>\n<p> <img decoding=\"async\" src=\"https:\/\/www.europesays.com\/pt\/wp-content\/uploads\/2025\/10\/naom_68ecfd1dc5754.jpg\" border=\"0\" alt=\"A troca de ref\u00e9ns israelitas e de prisioneiros palestinianos em imagens\"\/>   <\/p>\n<p>At\u00e9 agora, o Hamas libertou os \u00faltimos 20 ref\u00e9ns vivos e Israel libertou cerca de 2.000 prisioneiros palestinianos como parte de um acordo de cessar-fogo. Veja as imagens.<\/p>\n<p> Not\u00edcias ao Minuto | 14:35 &#8211; 13\/10\/2025  <\/p>\n<p>H\u00e1 aus\u00eancias de nomes na lista de prisioneiros<\/p>\n<p>Israel libertou na segunda-feira quase 2.000 presos palestinianos, a maioria detida nos \u00faltimos dois anos em Gaza e 250 com penas de pris\u00e3o perp\u00e9tua, mas continuam presos figuras de relevo.<\/p>\n<p>Na lista divulgada, faltam nomes como o de Marwan Barghouti, visto por muitos como o sucessor de Mahmoud Abbas \u00e0 frente da Autoridade Nacional Palestiniana (ANP), ou o do diretor do Hospital Kamal Adwan, em Gaza, Hussam Abu Safiya.<\/p>\n<p> <img decoding=\"async\" src=\"https:\/\/www.europesays.com\/pt\/wp-content\/uploads\/2025\/10\/naom_68ecf36787d75.jpg\" border=\"0\" alt=\"H\u00e1 aus\u00eancias sonantes na lista de presos palestinianos libertados\"\/>   <\/p>\n<p>Israel libertou na segunda-feira quase 2.000 presos palestinianos, a maioria detida nos \u00faltimos dois anos em Gaza e 250 com penas de pris\u00e3o perp\u00e9tua, mas continuam presos figuras de relevo.<\/p>\n<p> Lusa | 15:17 &#8211; 14\/10\/2025  <\/p>\n<p>Leia Tamb\u00e9m: <a href=\"https:\/\/www.noticiasaominuto.com\/mundo\/2871356\/israel-devolve-mais-45-corpos-de-palestinianos-a-gaza\" target=\"_blank\" rel=\"noreferrer noopener nofollow\">Israel devolve mais 45 corpos de palestinianos a Gaza<\/a><\/p>\n","protected":false},"excerpt":{"rendered":"Akram al Basyouni, de 45 anos, vivia no norte de Gaza. Foi um dos cerca de 1.700 palestinianos&hellip;\n","protected":false},"author":2,"featured_media":112910,"comment_status":"","ping_status":"","sticky":false,"template":"","format":"standard","meta":{"footnotes":""},"categories":[50],"tags":[27,28,15,16,14,25,26,21,22,62,12,13,19,20,23,24,17,18,29,30,31,63,64,65],"class_list":{"0":"post-112909","1":"post","2":"type-post","3":"status-publish","4":"format-standard","5":"has-post-thumbnail","7":"category-mundo","8":"tag-breaking-news","9":"tag-breakingnews","10":"tag-featured-news","11":"tag-featurednews","12":"tag-headlines","13":"tag-latest-news","14":"tag-latestnews","15":"tag-main-news","16":"tag-mainnews","17":"tag-mundo","18":"tag-news","19":"tag-noticias","20":"tag-noticias-principais","21":"tag-noticiasprincipais","22":"tag-principais-noticias","23":"tag-principaisnoticias","24":"tag-top-stories","25":"tag-topstories","26":"tag-ultimas","27":"tag-ultimas-noticias","28":"tag-ultimasnoticias","29":"tag-world","30":"tag-world-news","31":"tag-worldnews"},"share_on_mastodon":{"url":"","error":""},"_links":{"self":[{"href":"https:\/\/www.europesays.com\/pt\/wp-json\/wp\/v2\/posts\/112909","targetHints":{"allow":["GET"]}}],"collection":[{"href":"https:\/\/www.europesays.com\/pt\/wp-json\/wp\/v2\/posts"}],"about":[{"href":"https:\/\/www.europesays.com\/pt\/wp-json\/wp\/v2\/types\/post"}],"author":[{"embeddable":true,"href":"https:\/\/www.europesays.com\/pt\/wp-json\/wp\/v2\/users\/2"}],"replies":[{"embeddable":true,"href":"https:\/\/www.europesays.com\/pt\/wp-json\/wp\/v2\/comments?post=112909"}],"version-history":[{"count":0,"href":"https:\/\/www.europesays.com\/pt\/wp-json\/wp\/v2\/posts\/112909\/revisions"}],"wp:featuredmedia":[{"embeddable":true,"href":"https:\/\/www.europesays.com\/pt\/wp-json\/wp\/v2\/media\/112910"}],"wp:attachment":[{"href":"https:\/\/www.europesays.com\/pt\/wp-json\/wp\/v2\/media?parent=112909"}],"wp:term":[{"taxonomy":"category","embeddable":true,"href":"https:\/\/www.europesays.com\/pt\/wp-json\/wp\/v2\/categories?post=112909"},{"taxonomy":"post_tag","embeddable":true,"href":"https:\/\/www.europesays.com\/pt\/wp-json\/wp\/v2\/tags?post=112909"}],"curies":[{"name":"wp","href":"https:\/\/api.w.org\/{rel}","templated":true}]}}