{"id":112929,"date":"2025-10-16T09:38:13","date_gmt":"2025-10-16T09:38:13","guid":{"rendered":"https:\/\/www.europesays.com\/pt\/112929\/"},"modified":"2025-10-16T09:38:13","modified_gmt":"2025-10-16T09:38:13","slug":"um-polones-presenteou-o-papa-com-um-cavalo-arabe","status":"publish","type":"post","link":"https:\/\/www.europesays.com\/pt\/112929\/","title":{"rendered":"Um polon\u00eas presenteou o Papa com um cavalo \u00e1rabe"},"content":{"rendered":"<p>J\u00e1 havia uma motocicleta branca e um carro el\u00e9trico. Agora, o Papa Le\u00e3o XIV ganhou de presente um cavalo branco. Proton, um puro-sangue \u00e1rabe, \u00e9 a surpresa excepcional que Andrzej Michalski, propriet\u00e1rio e fundador de uma cria\u00e7\u00e3o de cavalos em Ko\u0142obrzeg-Budzist\u00f3w, fez ao Pont\u00edfice<\/p>\n<p><b>Pe. Pawe\u0142 Rytel-Andrianik e Karol Darmoros \u2013 Vatican News<\/b><\/p>\n<p>\u201cQuando vi as fotos do futuro Papa a cavalo no Peru, surgiu a ideia de lhe oferecer um belo cavalo \u00e1rabe, que seria digno dele, porque o branco lembra a batina branca papal\u201d, afirmou ao Vatican News Andrzej Michalski, presidente da Cria\u00e7\u00e3o de Cavalos Michalski de Ko\u0142obrzeg-Budzist\u00f3w, na Pol\u00f4nia. Ele ressaltou que, dessa forma, quis expressar gratid\u00e3o e responder ao apelo do Papa para fortalecer o amor atrav\u00e9s de gestos concretos.<\/p>\n<p>Proton \u00e9 um cavalo \u00e1rabe de ra\u00e7a pura. O pai \u00e9 dos Estados Unidos e a m\u00e3e foi comprada pela princesa da Jord\u00e2nia. Seu descendente nasceu em Jan\u00f3w Podlaski e Michalski o comprou quando era potro e o criou na pr\u00f3pria fazenda. \u201cO cavalo se move magnificamente, \u00e9 muito bonito\u201d, afirmou o criador.<\/p>\n<p>Alegria durante o encontro <\/p>\n<p>A entrega do presente foi feita antes da Audi\u00eancia Geral desta quarta-feira (15\/10). \u201cO Papa ficou muito satisfeito; conduzimos o cavalo juntos. Ele ficou muito contente, n\u00f3s ficamos muito felizes\u201d, relatou Michalski. Durante o encontro, foi lida tamb\u00e9m uma carta na qual o propriet\u00e1rio apresentou as atividades do seu local de trabalho e pediu uma b\u00ean\u00e7\u00e3o por ocasi\u00e3o do anivers\u00e1rio de 30 anos da funda\u00e7\u00e3o da fazenda, que ser\u00e1 comemorado em 2026.<\/p>\n<p>    <img decoding=\"async\" src=\"data:image\/gif;base64,R0lGODlhAQABAIAAAAAAAP\/\/\/yH5BAEAAAAALAAAAAABAAEAAAIBRAA7\" data-original=\"https:\/\/www.vaticannews.va\/content\/dam\/vaticannews\/agenzie\/images\/srv\/2025\/10\/15\/2025-10-15-udienza-generale\/1760518899820.JPG\/_jcr_content\/renditions\/cq5dam.thumbnail.cropped.750.422.jpeg\" alt=\"Um breve passeio a cavalo para o Papa\" title=\"Um breve passeio a cavalo para o Papa\"\/><\/p>\n<p>\n   Um breve passeio a cavalo para o Papa \u00a0 (@Vatican Media)\n  <\/p>\n<p>Um gesto inspirado nas palavras do Papa <\/p>\n<p>Na carta ao Pont\u00edfice, Andrzej Michalski fez refer\u00eancia \u00e0 \u00faltima exorta\u00e7\u00e3o \u201cDilexi te\u201d, citando as palavras do Papa: \u201co amor e as convic\u00e7\u00f5es mais profundas devem ser alimentados, e isso se faz com gestos. Permanecer no mundo das ideias e das discuss\u00f5es, sem gestos pessoais, frequentes e sinceros, ser\u00e1 a ru\u00edna dos nossos sonhos mais preciosos\u201d. Assim, o doador escreveu: \u201cao atender a esse apelo, gostaria de pedir que meu gesto contribua para a realiza\u00e7\u00e3o das tarefas que Vossa Santidade empreende para o mundo moderno e para a Igreja, de acordo com seu carisma e sua responsabilidade\u201d.<\/p>\n<p>Cavalos, hipoterapia e ajuda aos necessitados <\/p>\n<p>A Cria\u00e7\u00e3o de Cavalos Michalski n\u00e3o \u00e9 apenas um local para a cria\u00e7\u00e3o, o estudo e as competi\u00e7\u00f5es equestres, mas tamb\u00e9m um centro de hipoterapia. \u201cQuando eu trabalhava com pessoas com defici\u00eancia, a hipoterapia era realizada no centro equestre de Andrzej Michalski. Essa hipoterapia \u00e9 particularmente \u00fatil para todas as crian\u00e7as com defici\u00eancias motoras\u201d, declarou Anna Mieczkowska, prefeita de Ko\u0142obrzeg, que tamb\u00e9m esteve no Vaticano.<\/p>\n<p>\u201cNosso centro organiza as maiores competi\u00e7\u00f5es equestres, oferece hipoterapia para pessoas com defici\u00eancia e organiza essas atividades 2 a 3 vezes por semana. Estamos nos preparando para organizar no pr\u00f3ximo m\u00eas um minicampeonato polon\u00eas para crian\u00e7as com defici\u00eancia em cavalos de balan\u00e7o\u201d, acrescentou Andrzej Michalski.<\/p>\n<p>    <img decoding=\"async\" src=\"data:image\/gif;base64,R0lGODlhAQABAIAAAAAAAP\/\/\/yH5BAEAAAAALAAAAAABAAEAAAIBRAA7\" data-original=\"https:\/\/www.vaticannews.va\/content\/dam\/vaticannews\/agenzie\/images\/srv\/2025\/10\/15\/2025-10-15-udienza-generale\/1760518892790.JPG\/_jcr_content\/renditions\/cq5dam.thumbnail.cropped.750.422.jpeg\" alt=\"A delega\u00e7\u00e3o polonesa que presenteou o Papa com o cavalo\" title=\"A delega\u00e7\u00e3o polonesa que presenteou o Papa com o cavalo\"\/><\/p>\n<p>\n   A delega\u00e7\u00e3o polonesa que presenteou o Papa com o cavalo \u00a0 (@Vatican Media)\n  <\/p>\n","protected":false},"excerpt":{"rendered":"J\u00e1 havia uma motocicleta branca e um carro el\u00e9trico. Agora, o Papa Le\u00e3o XIV ganhou de presente um&hellip;\n","protected":false},"author":2,"featured_media":112930,"comment_status":"","ping_status":"","sticky":false,"template":"","format":"standard","meta":{"footnotes":""},"categories":[50],"tags":[3991,27,28,15,16,14,25,26,21,22,62,12,13,19,20,811,5300,23,24,17,18,29,30,31,63,64,65],"class_list":{"0":"post-112929","1":"post","2":"type-post","3":"status-publish","4":"format-standard","5":"has-post-thumbnail","7":"category-mundo","8":"tag-audiencia-geral","9":"tag-breaking-news","10":"tag-breakingnews","11":"tag-featured-news","12":"tag-featurednews","13":"tag-headlines","14":"tag-latest-news","15":"tag-latestnews","16":"tag-main-news","17":"tag-mainnews","18":"tag-mundo","19":"tag-news","20":"tag-noticias","21":"tag-noticias-principais","22":"tag-noticiasprincipais","23":"tag-papa-leao-xiv","24":"tag-polonia","25":"tag-principais-noticias","26":"tag-principaisnoticias","27":"tag-top-stories","28":"tag-topstories","29":"tag-ultimas","30":"tag-ultimas-noticias","31":"tag-ultimasnoticias","32":"tag-world","33":"tag-world-news","34":"tag-worldnews"},"share_on_mastodon":{"url":"","error":""},"_links":{"self":[{"href":"https:\/\/www.europesays.com\/pt\/wp-json\/wp\/v2\/posts\/112929","targetHints":{"allow":["GET"]}}],"collection":[{"href":"https:\/\/www.europesays.com\/pt\/wp-json\/wp\/v2\/posts"}],"about":[{"href":"https:\/\/www.europesays.com\/pt\/wp-json\/wp\/v2\/types\/post"}],"author":[{"embeddable":true,"href":"https:\/\/www.europesays.com\/pt\/wp-json\/wp\/v2\/users\/2"}],"replies":[{"embeddable":true,"href":"https:\/\/www.europesays.com\/pt\/wp-json\/wp\/v2\/comments?post=112929"}],"version-history":[{"count":0,"href":"https:\/\/www.europesays.com\/pt\/wp-json\/wp\/v2\/posts\/112929\/revisions"}],"wp:featuredmedia":[{"embeddable":true,"href":"https:\/\/www.europesays.com\/pt\/wp-json\/wp\/v2\/media\/112930"}],"wp:attachment":[{"href":"https:\/\/www.europesays.com\/pt\/wp-json\/wp\/v2\/media?parent=112929"}],"wp:term":[{"taxonomy":"category","embeddable":true,"href":"https:\/\/www.europesays.com\/pt\/wp-json\/wp\/v2\/categories?post=112929"},{"taxonomy":"post_tag","embeddable":true,"href":"https:\/\/www.europesays.com\/pt\/wp-json\/wp\/v2\/tags?post=112929"}],"curies":[{"name":"wp","href":"https:\/\/api.w.org\/{rel}","templated":true}]}}