{"id":112947,"date":"2025-10-16T09:52:07","date_gmt":"2025-10-16T09:52:07","guid":{"rendered":"https:\/\/www.europesays.com\/pt\/112947\/"},"modified":"2025-10-16T09:52:07","modified_gmt":"2025-10-16T09:52:07","slug":"jornalistas-abandonam-pentagono-contra-novas-restricoes-media","status":"publish","type":"post","link":"https:\/\/www.europesays.com\/pt\/112947\/","title":{"rendered":"Jornalistas abandonam Pent\u00e1gono contra novas restri\u00e7\u00f5es | Media"},"content":{"rendered":"<p>Dezenas de jornalistas que cobrem o Departamento de Defesa dos Estados Unidos desocuparam os seus gabinetes no Pent\u00e1gono e devolveram as suas credenciais na quarta-feira, quando entraram em vigor as novas restri\u00e7\u00f5es ao acesso da imprensa.<\/p>\n<p>O Departamento de Defesa tinha estabelecido um prazo, na ter\u00e7a-feira, para que os meios de comunica\u00e7\u00e3o social assinassem uma nova pol\u00edtica de acesso ao Pent\u00e1gono ou perdessem o acesso \u00e0s credenciais de imprensa e aos espa\u00e7os de trabalho nas instala\u00e7\u00f5es. Pelo menos 30 organiza\u00e7\u00f5es noticiosas, incluindo a Reuters, recusaram-se a assinar a nova pol\u00edtica, citando uma amea\u00e7a \u00e0s<a href=\"https:\/\/www.publico.pt\/liberdade-de-imprensa\" target=\"_blank\" rel=\"nofollow noopener\"> liberdades da imprensa<\/a> e \u00e0 sua capacidade de conduzir uma recolha de not\u00edcias independente sobre as for\u00e7as armadas mais poderosas do mundo.<\/p>\n<p>A directiva exige que os jornalistas reconhe\u00e7am as novas regras de acesso \u00e0 imprensa, incluindo o facto de poderem ser considerados um risco para a seguran\u00e7a e verem os seus crach\u00e1s de imprensa do <a href=\"https:\/\/www.publico.pt\/2025\/10\/12\/mundo\/noticia\/apesar-paralisacao-governo-federal-trump-garante-salarios-militares-2150521\" target=\"_blank\" rel=\"nofollow noopener\">Pent\u00e1gono<\/a> revogados se pedirem aos funcion\u00e1rios do departamento para divulgarem informa\u00e7\u00f5es confidenciais e alguns tipos de informa\u00e7\u00f5es n\u00e3o confidenciais.<\/p>\n<p>A <a href=\"https:\/\/pentagonpressassociation.wordpress.com\/about\/\" target=\"_blank\" rel=\"nofollow noopener\">Associa\u00e7\u00e3o de Imprensa do Pent\u00e1gono<\/a>, que representa mais de cem organiza\u00e7\u00f5es noticiosas, incluindo a Reuters, declarou num comunicado que quarta-feira foi \u201cum dia negro para a liberdade de imprensa que levanta preocupa\u00e7\u00f5es sobre o enfraquecimento do compromisso dos <a href=\"https:\/\/www.publico.pt\/eua\" target=\"_blank\" rel=\"nofollow noopener\">EUA <\/a>com a transpar\u00eancia na governa\u00e7\u00e3o, com a responsabilidade p\u00fablica no Pent\u00e1gono e com a liberdade de express\u00e3o para todos\u201d.<\/p>\n<p>O porta-voz do Pent\u00e1gono, Sean Parnell, disse numa declara\u00e7\u00e3o na segunda-feira: \u201cA directiva n\u00e3o lhes pede que concordem, apenas que reconhe\u00e7am que a compreendam. Isto fez com que os rep\u00f3rteres entrassem em colapso total, fazendo-se de v\u00edtimas na Internet. Mantemos a nossa directiva porque \u00e9 o melhor para as nossas tropas e para a seguran\u00e7a nacional deste pa\u00eds.\u201d O Pent\u00e1gono n\u00e3o quis fazer coment\u00e1rios adicionais na quarta-feira.<\/p>\n<p>Os jornalistas descreveram a \u00e1rea de<a href=\"https:\/\/www.publico.pt\/2025\/05\/24\/mundo\/noticia\/jornalistas-passam-andar-acompanhados-pentagono-impoe-administracao-trump-2134252\" target=\"_blank\" rel=\"nofollow noopener\"> imprensa no Pent\u00e1gono<\/a> na quarta-feira como invulgarmente calma, enquanto removiam mobili\u00e1rio, servidores inform\u00e1ticos, material de insonoriza\u00e7\u00e3o de est\u00fadios de televis\u00e3o e outros conte\u00fados.<\/p>\n<p>\u201cNunca vi aquele lugar n\u00e3o zumbir como uma colmeia\u201d, disse J.J. Green, correspondente de seguran\u00e7a nacional da esta\u00e7\u00e3o de r\u00e1dio WTOP de Washington. Green, que trabalha como correspondente de seguran\u00e7a nacional h\u00e1 20 anos, entregou a sua credencial de imprensa na quarta-feira de manh\u00e3. Os canais de televis\u00e3o t\u00eam at\u00e9 sexta-feira para retirar o seu equipamento.<\/p>\n<p>Tradicionalmente, os rep\u00f3rteres credenciados t\u00eam estado limitados a espa\u00e7os p\u00fablicos no Pent\u00e1gono e t\u00eam trabalhado do outro lado do corredor do gabinete de imprensa do Pent\u00e1gono, o que lhes tem permitido acesso aos porta-vozes do departamento. Os crach\u00e1s de imprensa significam que foram submetidos a uma verifica\u00e7\u00e3o de antecedentes.<\/p>\n<p>\u201cNunca nos foi permitido entrar directamente em \u00e1reas protegidas ou gabinetes de pessoas\u201d, disse Stephen Losey, um rep\u00f3rter que cobre a For\u00e7a A\u00e9rea para o Defense News. \u201cN\u00e3o conhe\u00e7o ningu\u00e9m que tenha feito uma escuta propositada ou algo do g\u00e9nero, que \u00e9 o que algumas pessoas t\u00eam feito parecer que estamos a fazer.\u201d<\/p>\n<p>Alguns jornalistas entrevistados pela Reuters disseram que as novas restri\u00e7\u00f5es n\u00e3o os impedir\u00e3o de fazer reportagens sobre as For\u00e7as Armadas dos EUA. \u201cA ironia da ironia \u00e9 que os rep\u00f3rteres do Pent\u00e1gono n\u00e3o est\u00e3o a ter conversas sobre informa\u00e7\u00f5es controladas nos corredores\u201d, disse um membro da Associa\u00e7\u00e3o de Imprensa do Pent\u00e1gono, falando sob condi\u00e7\u00e3o de anonimato. \u201cEstamos a faz\u00ea-lo atrav\u00e9s do Signal (uma aplica\u00e7\u00e3o encriptada).\u201d<\/p>\n<p>A nova pol\u00edtica do Pent\u00e1gono \u00e9 a mais recente expans\u00e3o das restri\u00e7\u00f5es ao acesso da imprensa sob o <a href=\"https:\/\/www.publico.pt\/2025\/01\/15\/mundo\/noticia\/pete-hegseth-escolha-controversa-trump-defesa-colhe-apoio-republicano-senado-2118816\" target=\"_blank\" rel=\"nofollow noopener\">secret\u00e1rio de Defesa Pete Hegseth<\/a>, um ex-apresentador da Fox News, sendo que a Fox News est\u00e1 entre as organiza\u00e7\u00f5es de informa\u00e7\u00e3o que se recusaram a assinar as novas restri\u00e7\u00f5es \u00e0 imprensa.<\/p>\n","protected":false},"excerpt":{"rendered":"Dezenas de jornalistas que cobrem o Departamento de Defesa dos Estados Unidos desocuparam os seus gabinetes no Pent\u00e1gono&hellip;\n","protected":false},"author":2,"featured_media":112948,"comment_status":"","ping_status":"","sticky":false,"template":"","format":"standard","meta":{"footnotes":""},"categories":[50],"tags":[7809,27,28,235,15,16,14,25,26,3806,21,22,715,62,12,13,19,20,23,24,17,18,29,30,31,6356,63,64,65],"class_list":{"0":"post-112947","1":"post","2":"type-post","3":"status-publish","4":"format-standard","5":"has-post-thumbnail","7":"category-mundo","8":"tag-america-do-norte","9":"tag-breaking-news","10":"tag-breakingnews","11":"tag-estados-unidos","12":"tag-featured-news","13":"tag-featurednews","14":"tag-headlines","15":"tag-latest-news","16":"tag-latestnews","17":"tag-liberdade-de-imprensa","18":"tag-main-news","19":"tag-mainnews","20":"tag-media","21":"tag-mundo","22":"tag-news","23":"tag-noticias","24":"tag-noticias-principais","25":"tag-noticiasprincipais","26":"tag-principais-noticias","27":"tag-principaisnoticias","28":"tag-top-stories","29":"tag-topstories","30":"tag-ultimas","31":"tag-ultimas-noticias","32":"tag-ultimasnoticias","33":"tag-washington","34":"tag-world","35":"tag-world-news","36":"tag-worldnews"},"share_on_mastodon":{"url":"","error":""},"_links":{"self":[{"href":"https:\/\/www.europesays.com\/pt\/wp-json\/wp\/v2\/posts\/112947","targetHints":{"allow":["GET"]}}],"collection":[{"href":"https:\/\/www.europesays.com\/pt\/wp-json\/wp\/v2\/posts"}],"about":[{"href":"https:\/\/www.europesays.com\/pt\/wp-json\/wp\/v2\/types\/post"}],"author":[{"embeddable":true,"href":"https:\/\/www.europesays.com\/pt\/wp-json\/wp\/v2\/users\/2"}],"replies":[{"embeddable":true,"href":"https:\/\/www.europesays.com\/pt\/wp-json\/wp\/v2\/comments?post=112947"}],"version-history":[{"count":0,"href":"https:\/\/www.europesays.com\/pt\/wp-json\/wp\/v2\/posts\/112947\/revisions"}],"wp:featuredmedia":[{"embeddable":true,"href":"https:\/\/www.europesays.com\/pt\/wp-json\/wp\/v2\/media\/112948"}],"wp:attachment":[{"href":"https:\/\/www.europesays.com\/pt\/wp-json\/wp\/v2\/media?parent=112947"}],"wp:term":[{"taxonomy":"category","embeddable":true,"href":"https:\/\/www.europesays.com\/pt\/wp-json\/wp\/v2\/categories?post=112947"},{"taxonomy":"post_tag","embeddable":true,"href":"https:\/\/www.europesays.com\/pt\/wp-json\/wp\/v2\/tags?post=112947"}],"curies":[{"name":"wp","href":"https:\/\/api.w.org\/{rel}","templated":true}]}}