{"id":112964,"date":"2025-10-16T10:06:13","date_gmt":"2025-10-16T10:06:13","guid":{"rendered":"https:\/\/www.europesays.com\/pt\/112964\/"},"modified":"2025-10-16T10:06:13","modified_gmt":"2025-10-16T10:06:13","slug":"greta-thunberg-relata-agressoes-na-prisao-em-israel-observador","status":"publish","type":"post","link":"https:\/\/www.europesays.com\/pt\/112964\/","title":{"rendered":"Greta Thunberg relata agress\u00f5es na pris\u00e3o em Israel \u2013 Observador"},"content":{"rendered":"<p>Pontap\u00e9s, insultos de governantes e amea\u00e7as de que seriam \u201cgaseados\u201d. \u00c9 assim que Greta Thunberg, ativista sueca que embarcou rumo a Gaza na Flotilha Global Sumud, descreve os dias vividos numa pris\u00e3o em Israel, depois de ela e outros membros da frota terem sido intecetados pelas autoridades israelitas.<\/p>\n<p>Numa grande entrevista ao <a href=\"https:\/\/www.aftonbladet.se\/nyheter\/a\/0VM0qo\/greta-thunberg-berattar-om-skrackdygnen-i-israeliskt-fangelse\" rel=\"nofollow noopener\" target=\"_blank\">jornal sueco Aftonbladet<\/a>, Thunberg conta que, quando os navios chegaram ao porto israelita de Ashdod, os militares israelitas indicaram-lhe que fosse a primeira a sair. A ativista, segundo conta, foi for\u00e7ada a trocar de roupa e teve de trocar t-shirt a dizer \u201cPalestina Livre\u201d para uma em que se lia \u201cDescolonizar\u201d.<\/p>\n<p>\u201cQuando vou a sair do barco, havia um monte de pol\u00edcias \u00e0 minha espera. <strong>Agarram-me, mandaram-me para o ch\u00e3o e atiram uma bandeira israelita para cima de mim<\/strong>\u201c, contou ao jornal, que, citando v\u00e1rias testemunhas, diz que tudo passou \u201cdos zero ao cem\u201d depois da chegada ao porto.<\/p>\n<p>Greta diz ter sido arrastada para uma zona alcatroada e rodeada por uma cerca de ferro, local onde ter\u00e1 permanecido cerca de seis horas. \u201c<strong>Eu vi, talvez, 50 pessoas ajoelhadas em fila, algemadas e com a testa no ch\u00e3o<\/strong>\u201c, lembrou.<\/p>\n<p>\u201cEles puxaram-me para o lado oposto ao dos outros, eu estava enrolada na bandeira [de Israel],<strong>\u00a0bateram-me e pontapearam-me<\/strong>\u201c, acrescentou, dizendo que lhe arrancaram o chap\u00e9u que usava. Por\u00e9m, segundo o seu relato, as agress\u00f5es n\u00e3o ficaram por aqui.<\/p>\n<p>\u201cEmpurraram-me brutalmente para um canto, ficando de costas para eles\u201d, continuou, acrescentando, que lhe disseram que tinham arranjado <strong>\u201cum lugar especial para uma senhora especial\u201d<\/strong> e lhe chamaram \u201cprostituta\u201d em sueco.<\/p>\n<p>Segundo Greta, foi colocada uma bandeira israelita neste canto para que a ativista lhe tocasse. \u201cQuando ela esvoa\u00e7ava e me tocava, eles gritavam \u2018N\u00e3o toques na bandeira\u2019 e davam-me pontap\u00e9s nas costelas\u201d, relatou, dizendo que havia guardas a fazer fila para tirar selfies enquanto estava amarrada. A jovem sueca diz ter sido obrigada a despir-se \u00e0 frente dos militares, que acusa de n\u00e3o terem \u201c<strong>qualquer empatia ou humanidade<\/strong>\u201c.<\/p>\n<p>J\u00e1 na pris\u00e3o, Thunberg diz \u201c<strong>mal ter recebido comida ou \u00e1gua<\/strong>\u201d e que os ativistas foram obrigados a beber a \u201c\u00e1gua castanha\u201d que sa\u00eda das torneiras dos lavat\u00f3rios da casa de banho das celas \u2014 o que levou a que muitos ficassem doentes. \u201c<strong>Sent\u00edamos que n\u00e3o pod\u00edamos chorar porque est\u00e1vamos muito desidratados<\/strong>\u201c, confessou, detalhando que estava \u201cmuito calor\u201d naquela altura, \u201ccerca de 40 graus\u201d.<\/p>\n<p>\u201cPed\u00edamos constantemente: \u2018Podemos beber \u00e1gua? Podemos beber \u00e1gua?\u2019. [\u2026]. <strong>Os guardas passavam constantemente em frente \u00e0s grades, riam e mostravam as suas garrafas de \u00e1gua<\/strong>. Atiravam as garrafas cheias para os caixotes do lixo \u00e0 nossa frente\u201d, assegura. \u00c0 noite, relatou, os guardas passavam e acordavam os detidos com as lanternas.<\/p>\n<p>De acordo com v\u00e1rias testemunhas consultadas pelo jornal sueco, houve uma ocasi\u00e3o em que cerca de 60 pessoas foram postas numa jaula pequena ao sol. \u201cQuando as pessoas desmaiavam, bat\u00edamos nas jaulas e ped\u00edamos um m\u00e9dico. <strong>Ent\u00e3o os guardas aproximavam-se e diziam: \u2018Vamos gasear-vos&#8217;\u201d,<\/strong> disse ainda Greta, assegurando\u00a0ainda que os agentes mostravam garrafas de g\u00e1s.<\/p>\n<p><strong>[Apesar da euforia em torno de Freitas, Soares recupera. O debate com Zenha ser\u00e1 decisivo. Quando acabar, nunca mais ser\u00e3o amigos.\u00a0A\u00a0<a href=\"https:\/\/observador.pt\/programas\/a-eleio-mais-louca-de-sempre\/episodio-3-ele-nao-e-meu-irmao\/\" rel=\"nofollow noopener\" target=\"_blank\">\u201cElei\u00e7\u00e3o Mais Louca de Sempre\u201d<\/a>\u00a0\u00e9 o novo Podcast Plus do Observador sobre as Presidenciais de 1986. Uma s\u00e9rie narrada pelo ator Gon\u00e7alo Waddington, com banda sonora original de Samuel \u00daria. Pode ouvir\u00a0<a href=\"https:\/\/observador.pt\/programas\/a-eleio-mais-louca-de-sempre\/episodio-3-ele-nao-e-meu-irmao\/\" target=\"_blank\" rel=\"noopener nofollow\">aqui<\/a>, no\u00a0Observador, e tamb\u00e9m na\u00a0<a href=\"https:\/\/podcasts.apple.com\/pt\/podcast\/epis%C3%B3dio-3-ele-n%C3%A3o-%C3%A9-meu-irm%C3%A3o\/id1841273464?i=1000731696598\" target=\"_blank\" rel=\"noopener nofollow\">Apple Podcasts<\/a>, no\u00a0<a href=\"https:\/\/open.spotify.com\/episode\/46BVbcvVdeR0JAPt0QqY3V?si=66ce21905d6c443c\" target=\"_blank\" rel=\"noopener nofollow\">Spotify<\/a>\u00a0e no\u00a0<a href=\"https:\/\/music.youtube.com\/watch?v=FAhQNHEr5Tc&amp;si=yiJlZG-PAvTSgxsu\" target=\"_blank\" rel=\"noopener nofollow\">Youtube Music<\/a>. E pode ouvir o primeiro epis\u00f3dio\u00a0<a href=\"https:\/\/observador.pt\/programas\/a-eleio-mais-louca-de-sempre\/estreia-a-eleicao-mais-louca-de-sempre-episodio-1-apostamos-no-cavalo-errado\/\" rel=\"nofollow noopener\" target=\"_blank\">aqui<\/a>\u00a0e o segundo\u00a0<a href=\"https:\/\/observador.pt\/programas\/a-eleio-mais-louca-de-sempre\/episodio-2-uma-traicao-inesperada\/\" rel=\"nofollow noopener\" target=\"_blank\">aqui<\/a>]<\/strong><\/p>\n<p><a href=\"https:\/\/observador.pt\/programas\/a-eleio-mais-louca-de-sempre\/episodio-3-ele-nao-e-meu-irmao\/\" rel=\"nofollow noopener\" target=\"_blank\"><\/p>\n<p>        <img src=\"https:\/\/www.europesays.com\/pt\/wp-content\/uploads\/2025\/10\/770-a-eleicao-mais-louca-de-sempre-playicon.png\" alt=\"\" loading=\"lazy\" decoding=\"async\" class=\"alignnone\" onload=\"this.parentElement.classList.remove('spinner')\" onerror=\"this.parentElement.classList.remove('spinner')\" width=\"770\" height=\"433\"\/>    <\/p>\n<p><\/a><\/p>\n<p>A ativista sueca diz que teve v\u00e1rias conversas com representantes israelitas, incluindo pol\u00edticos e membros do pr\u00f3prio Governo, que lhe disseram que teriam oferecido ao Hamas<strong> a possibilidade de \u201ctrocar Greta por ref\u00e9ns<\/strong>\u201c. \u201cQuando, depois de um tempo, perguntei: \u2018O qu\u00ea?\u2019, eles responderam: \u2018Est\u00e1vamos a brincar\u2019. Outros repetiram: \u2018<strong>Isto n\u00e3o \u00e9 genoc\u00eddio. Confia em n\u00f3s, se quis\u00e9ssemos cometer genoc\u00eddio, consegu\u00edamos faz\u00ea-lo\u2019<\/strong>\u201c, sublinhou.<\/p>\n<p>Outro pol\u00edtico que contactou com os membros da flotilha detidos foi o ministro da Administra\u00e7\u00e3o Interna, Itamar Ben-Gvir, que se dirigiu a eles ainda antes de irem para a pris\u00e3o. \u201c<strong>Ele dizia: \u2018Voc\u00eas s\u00e3o terroristas. Voc\u00eas querem matar beb\u00e9s judeus<\/strong>\u201c, recordou Thunberg, acrescentando que quem gritava em resposta era agredido pelos guardas.<\/p>\n<p>A ativista queixou-se tamb\u00e9m de falta de apoio da diplomacia sueca, garantindo at\u00e9 que alguns membros da embaixada viram a cena das garrafas de \u00e1gua mas diziam que o seu trabalho ali era apenas \u201c<strong>ouvi-los<\/strong>\u201c.<\/p>\n<p>J\u00e1 em liberdade, a ativista recebeu a sua mala vermelha vandalizada: tinha escrito \u201cGreta Prostituta\u201d, o desenho de um p\u00e9nis, rabiscos com a bandeira de Israel e do la\u00e7o simb\u00f3lico do apoio ao regresso dos ref\u00e9ns. \u201cParecem mi\u00fados de cinco anos\u201d, disse ao jornalista, rindo-se.<\/p>\n<p>Questionada sobre se esperava ser tratada desta forma, Thunberg diz que sim e defende que nenhum elemento da flotilha deve ser visto como uma v\u00edtima, j\u00e1 que sabiam no que se estavam a meter quando partiram rumo a Gaza.<\/p>\n<p>\u201cJ\u00e1 tinham feito amea\u00e7as na primeira noite em que sa\u00edmos de Barcelona de que nos tratariam como terroristas. <strong>Pela minha parte, nunca me senti com medo ou derrotada<\/strong>\u201c, afirmou, apontando que o verdadeiro foco medi\u00e1tico deve ser posto naquilo que sofrem \u201cmilhares de palestinianos, centenas deles crian\u00e7as\u201d que diz estarem \u201c<strong>detidas sem julgamento e, muito provavelmente, a ser sujeitas a tortura<\/strong>\u201c.<\/p>\n<p>\u201cO que vivemos \u00e9 apenas uma pequena parte do que os palestinianos viveram. Nas paredes das nossas celas na pris\u00e3o, <strong>vimos buracos de balas com salpicos de sangue e mensagens gravadas por prisioneiros palestinianos que estiveram l\u00e1 antes de n\u00f3s<\/strong>\u201c, acrescentou.<\/p>\n<p>\u201cSe Israel, sob os olhos do mundo inteiro, trata uma pessoa branca desta forma, com passaporte sueco, <strong>imaginem o que eles fazem com os palestinianos em segredo<\/strong>\u201c, frisou.<\/p>\n","protected":false},"excerpt":{"rendered":"Pontap\u00e9s, insultos de governantes e amea\u00e7as de que seriam \u201cgaseados\u201d. \u00c9 assim que Greta Thunberg, ativista sueca que&hellip;\n","protected":false},"author":2,"featured_media":112965,"comment_status":"","ping_status":"","sticky":false,"template":"","format":"standard","meta":{"footnotes":""},"categories":[50],"tags":[27,28,311,15,16,15056,14,25,26,21,22,62,12,13,19,20,431,23,24,17,18,29,30,31,63,64,65],"class_list":{"0":"post-112964","1":"post","2":"type-post","3":"status-publish","4":"format-standard","5":"has-post-thumbnail","7":"category-mundo","8":"tag-breaking-news","9":"tag-breakingnews","10":"tag-conflito-israelo-palestiniano","11":"tag-featured-news","12":"tag-featurednews","13":"tag-greta-thunberg","14":"tag-headlines","15":"tag-latest-news","16":"tag-latestnews","17":"tag-main-news","18":"tag-mainnews","19":"tag-mundo","20":"tag-news","21":"tag-noticias","22":"tag-noticias-principais","23":"tag-noticiasprincipais","24":"tag-palestina","25":"tag-principais-noticias","26":"tag-principaisnoticias","27":"tag-top-stories","28":"tag-topstories","29":"tag-ultimas","30":"tag-ultimas-noticias","31":"tag-ultimasnoticias","32":"tag-world","33":"tag-world-news","34":"tag-worldnews"},"share_on_mastodon":{"url":"","error":""},"_links":{"self":[{"href":"https:\/\/www.europesays.com\/pt\/wp-json\/wp\/v2\/posts\/112964","targetHints":{"allow":["GET"]}}],"collection":[{"href":"https:\/\/www.europesays.com\/pt\/wp-json\/wp\/v2\/posts"}],"about":[{"href":"https:\/\/www.europesays.com\/pt\/wp-json\/wp\/v2\/types\/post"}],"author":[{"embeddable":true,"href":"https:\/\/www.europesays.com\/pt\/wp-json\/wp\/v2\/users\/2"}],"replies":[{"embeddable":true,"href":"https:\/\/www.europesays.com\/pt\/wp-json\/wp\/v2\/comments?post=112964"}],"version-history":[{"count":0,"href":"https:\/\/www.europesays.com\/pt\/wp-json\/wp\/v2\/posts\/112964\/revisions"}],"wp:featuredmedia":[{"embeddable":true,"href":"https:\/\/www.europesays.com\/pt\/wp-json\/wp\/v2\/media\/112965"}],"wp:attachment":[{"href":"https:\/\/www.europesays.com\/pt\/wp-json\/wp\/v2\/media?parent=112964"}],"wp:term":[{"taxonomy":"category","embeddable":true,"href":"https:\/\/www.europesays.com\/pt\/wp-json\/wp\/v2\/categories?post=112964"},{"taxonomy":"post_tag","embeddable":true,"href":"https:\/\/www.europesays.com\/pt\/wp-json\/wp\/v2\/tags?post=112964"}],"curies":[{"name":"wp","href":"https:\/\/api.w.org\/{rel}","templated":true}]}}